{"id":3825,"date":"2021-05-04T11:10:19","date_gmt":"2021-05-04T11:10:19","guid":{"rendered":"http:\/\/www.lodelmomentoloja.com\/?p=3825"},"modified":"2021-05-04T15:49:51","modified_gmt":"2021-05-04T15:49:51","slug":"aceleran-proceso-de-vacunacion-en-loja","status":"publish","type":"post","link":"https:\/\/www.lodelmomentoloja.com\/?p=3825","title":{"rendered":"Aceleran proceso de vacunaci\u00f3n en Loja"},"content":{"rendered":"<p>#Loja | Prefectura se suma para acelerar el proceso de vacunaci\u00f3n.<\/p>\n<p>La coordinaci\u00f3n directa entre la Prefectura y Coordinaci\u00f3n Zonal 7 de Salud permite optimizar las acciones para la aplicaci\u00f3n de vacunas contra la COVID 19, con la implementaci\u00f3n de 20 m\u00f3dulos de vacunaci\u00f3n en las instalaciones del Complejo Ferial \u201cSim\u00f3n Bol\u00edvar\u201d.<\/p>\n<p>En rueda de prensa, el prefecto Rafael D\u00e1vila expres\u00f3 que, con este compromiso interinstitucional, se busca beneficiar a la mayor cantidad de lojanos, \u201ces urgente acelerar el proceso de vacunaci\u00f3n, por el ello hemos implementado 20 m\u00f3dulos, que permitir\u00e1n vacunar entre 1.500 y 2.000 personas diarias, siempre y cuando se disponga del n\u00famero suficiente de vacunas&#8230; nuestro af\u00e1n es colaborar con nuestra provincia, con nuestros habitantes y as\u00ed podamos disminuir los casos COVID19, en Loja estamos listos\u201d.<\/p>\n<p>En cuanto a la provisi\u00f3n de los biol\u00f3gicos, Alfredo Vera, coordinador zonal 7 de Salud, explic\u00f3 que se garantizar\u00e1 el arribo de vacunas para disminuir el n\u00famero de contagios, alivianar las \u00e1reas de internados y UCIS en los hospitales, a\u00f1adi\u00f3 que la Zonal 7 de Salud, est\u00e1 en tercer lugar de inoculaci\u00f3n a nivel nacional, \u201ccon este trabajo lograremos cumplir con todas las personas contempladas en la primera fase\u201d.<\/p>\n<p>El proceso de vacunaci\u00f3n se desarrolla de acuerdo a las disposiciones y cronogramas del Ministerio de Salud P\u00fablica.<\/p>\n<p>www.lodelmomentoloja.com<br \/>\n#LDMnoticias #lodelmomentolojaLDM<\/p>\n","protected":false},"excerpt":{"rendered":"<p>#Loja | Prefectura se suma para acelerar el proceso de vacunaci\u00f3n. La coordinaci\u00f3n directa entre&#8230;<\/p>\n","protected":false},"author":1,"featured_media":3826,"comment_status":"open","ping_status":"open","sticky":false,"template":"","format":"standard","meta":{"footnotes":""},"categories":[1],"tags":[],"class_list":["post-3825","post","type-post","status-publish","format-standard","has-post-thumbnail","hentry","category-inicio"],"_links":{"self":[{"href":"https:\/\/www.lodelmomentoloja.com\/index.php?rest_route=\/wp\/v2\/posts\/3825"}],"collection":[{"href":"https:\/\/www.lodelmomentoloja.com\/index.php?rest_route=\/wp\/v2\/posts"}],"about":[{"href":"https:\/\/www.lodelmomentoloja.com\/index.php?rest_route=\/wp\/v2\/types\/post"}],"author":[{"embeddable":true,"href":"https:\/\/www.lodelmomentoloja.com\/index.php?rest_route=\/wp\/v2\/users\/1"}],"replies":[{"embeddable":true,"href":"https:\/\/www.lodelmomentoloja.com\/index.php?rest_route=%2Fwp%2Fv2%2Fcomments&post=3825"}],"version-history":[{"count":1,"href":"https:\/\/www.lodelmomentoloja.com\/index.php?rest_route=\/wp\/v2\/posts\/3825\/revisions"}],"predecessor-version":[{"id":3827,"href":"https:\/\/www.lodelmomentoloja.com\/index.php?rest_route=\/wp\/v2\/posts\/3825\/revisions\/3827"}],"wp:featuredmedia":[{"embeddable":true,"href":"https:\/\/www.lodelmomentoloja.com\/index.php?rest_route=\/wp\/v2\/media\/3826"}],"wp:attachment":[{"href":"https:\/\/www.lodelmomentoloja.com\/index.php?rest_route=%2Fwp%2Fv2%2Fmedia&parent=3825"}],"wp:term":[{"taxonomy":"category","embeddable":true,"href":"https:\/\/www.lodelmomentoloja.com\/index.php?rest_route=%2Fwp%2Fv2%2Fcategories&post=3825"},{"taxonomy":"post_tag","embeddable":true,"href":"https:\/\/www.lodelmomentoloja.com\/index.php?rest_route=%2Fwp%2Fv2%2Ftags&post=3825"}],"curies":[{"name":"wp","href":"https:\/\/api.w.org\/{rel}","templated":true}]}}