{"id":3819,"date":"2021-05-03T11:10:14","date_gmt":"2021-05-03T11:10:14","guid":{"rendered":"http:\/\/www.lodelmomentoloja.com\/?p=3819"},"modified":"2021-05-03T16:18:42","modified_gmt":"2021-05-03T16:18:42","slug":"viena-vacunara-a-embarazadas","status":"publish","type":"post","link":"https:\/\/www.lodelmomentoloja.com\/?p=3819","title":{"rendered":"Viena vacunar\u00e1 a embarazadas"},"content":{"rendered":"<p>#Internacional | Embarazadas ser\u00e1n vacunadas contra la covid-19 en Viena.<\/p>\n<p>Viena se convierte en la primera ciudad de la Uni\u00f3n Europea (UE) que toma esa medida, que trata de evitar posibles complicaciones durante la gestaci\u00f3n debido a un contagio.<\/p>\n<p>La capital austr\u00edaca ofrecer\u00e1 la oportunidad de vacunarse a las mujeres embarazadas a partir de la semana 13 de gestaci\u00f3n, despu\u00e9s de haber catalogado a este grupo de poblaci\u00f3n como de alto riesgo, seg\u00fan anunci\u00f3 este domingo el responsable de Sanidad de la ciudad, el socialdem\u00f3crata Peter Hacker.<\/p>\n<p>Las vacunas se administrar\u00e1n en funci\u00f3n del estado de gestaci\u00f3n, con la prioridad en aquellas que tienen el embarazo m\u00e1s avanzado.<\/p>\n<p>Viena tambi\u00e9n ofrecer\u00e1 informaci\u00f3n espec\u00edfica a las embarazadas sobre los riesgos que conlleva el coronavirus y tendr\u00e1 a un mayor n\u00famero de ginec\u00f3logos en los centros de vacunaci\u00f3n para responder a sus dudas.<\/p>\n<p>www.lodelmomentoloja.com<br \/>\n#LDMnoticias #lodelmomentolojaLDM<\/p>\n","protected":false},"excerpt":{"rendered":"<p>#Internacional | Embarazadas ser\u00e1n vacunadas contra la covid-19 en Viena. Viena se convierte en la&#8230;<\/p>\n","protected":false},"author":1,"featured_media":3818,"comment_status":"open","ping_status":"open","sticky":false,"template":"","format":"standard","meta":{"footnotes":""},"categories":[1],"tags":[],"class_list":["post-3819","post","type-post","status-publish","format-standard","has-post-thumbnail","hentry","category-inicio"],"_links":{"self":[{"href":"https:\/\/www.lodelmomentoloja.com\/index.php?rest_route=\/wp\/v2\/posts\/3819"}],"collection":[{"href":"https:\/\/www.lodelmomentoloja.com\/index.php?rest_route=\/wp\/v2\/posts"}],"about":[{"href":"https:\/\/www.lodelmomentoloja.com\/index.php?rest_route=\/wp\/v2\/types\/post"}],"author":[{"embeddable":true,"href":"https:\/\/www.lodelmomentoloja.com\/index.php?rest_route=\/wp\/v2\/users\/1"}],"replies":[{"embeddable":true,"href":"https:\/\/www.lodelmomentoloja.com\/index.php?rest_route=%2Fwp%2Fv2%2Fcomments&post=3819"}],"version-history":[{"count":1,"href":"https:\/\/www.lodelmomentoloja.com\/index.php?rest_route=\/wp\/v2\/posts\/3819\/revisions"}],"predecessor-version":[{"id":3820,"href":"https:\/\/www.lodelmomentoloja.com\/index.php?rest_route=\/wp\/v2\/posts\/3819\/revisions\/3820"}],"wp:featuredmedia":[{"embeddable":true,"href":"https:\/\/www.lodelmomentoloja.com\/index.php?rest_route=\/wp\/v2\/media\/3818"}],"wp:attachment":[{"href":"https:\/\/www.lodelmomentoloja.com\/index.php?rest_route=%2Fwp%2Fv2%2Fmedia&parent=3819"}],"wp:term":[{"taxonomy":"category","embeddable":true,"href":"https:\/\/www.lodelmomentoloja.com\/index.php?rest_route=%2Fwp%2Fv2%2Fcategories&post=3819"},{"taxonomy":"post_tag","embeddable":true,"href":"https:\/\/www.lodelmomentoloja.com\/index.php?rest_route=%2Fwp%2Fv2%2Ftags&post=3819"}],"curies":[{"name":"wp","href":"https:\/\/api.w.org\/{rel}","templated":true}]}}