{"id":3781,"date":"2021-04-29T17:34:56","date_gmt":"2021-04-29T17:34:56","guid":{"rendered":"http:\/\/www.lodelmomentoloja.com\/?p=3781"},"modified":"2021-04-29T22:34:51","modified_gmt":"2021-04-29T22:34:51","slug":"el-medico-de-los-pobres","status":"publish","type":"post","link":"https:\/\/www.lodelmomentoloja.com\/?p=3781","title":{"rendered":"El &#8220;m\u00e9dico de los pobres&#8221;"},"content":{"rendered":"<p>#Loja | El &#8220;m\u00e9dico de los pobres&#8221; ser\u00e1 el patr\u00f3n del nuevo ciclo de Estudios en Ciencias de la Paz de la Universidad Lateranense en Roma, junto con el beato Juan de la Paz.<\/p>\n<p>el papa Francisco eligi\u00f3 al que ser\u00e1 desde este viernes nuevo beato, Jos\u00e9 Gregorio Hern\u00e1ndez, para ser copatr\u00f3n del nuevo ciclo de Estudios en Ciencias de la Paz de la Universidad Lateranense, en una jornada en la que el santo padre record\u00f3 las \u00abprolongadas penalidades y angustias\u00bb de los venezolanos, que se \u00abhan visto agravadas por la terrible pandemia\u00ab, y pidi\u00f3 unidad y reconciliaci\u00f3n por el bien de nuestro pa\u00eds, al que espera visitar.<\/p>\n<p>Sobre la decisi\u00f3n adoptada por el sumo pont\u00edfice, este acogi\u00f3 la petici\u00f3n realizada por el cardenal Baltazar Porras, inform\u00f3 el Vaticano, en v\u00edsperas de la beatificaci\u00f3n de Jos\u00e9 Gregorio Hern\u00e1ndez (1864-1919), que se celebra este viernes en Caracas.<\/p>\n<p>www.lodelmomentoloja.com<br \/>\n#LDMnoticias #lodelmomentolojaLDM<\/p>\n","protected":false},"excerpt":{"rendered":"<p>#Loja | El &#8220;m\u00e9dico de los pobres&#8221; ser\u00e1 el patr\u00f3n del nuevo ciclo de Estudios&#8230;<\/p>\n","protected":false},"author":1,"featured_media":3782,"comment_status":"open","ping_status":"open","sticky":false,"template":"","format":"standard","meta":{"footnotes":""},"categories":[1],"tags":[],"class_list":["post-3781","post","type-post","status-publish","format-standard","has-post-thumbnail","hentry","category-inicio"],"_links":{"self":[{"href":"https:\/\/www.lodelmomentoloja.com\/index.php?rest_route=\/wp\/v2\/posts\/3781"}],"collection":[{"href":"https:\/\/www.lodelmomentoloja.com\/index.php?rest_route=\/wp\/v2\/posts"}],"about":[{"href":"https:\/\/www.lodelmomentoloja.com\/index.php?rest_route=\/wp\/v2\/types\/post"}],"author":[{"embeddable":true,"href":"https:\/\/www.lodelmomentoloja.com\/index.php?rest_route=\/wp\/v2\/users\/1"}],"replies":[{"embeddable":true,"href":"https:\/\/www.lodelmomentoloja.com\/index.php?rest_route=%2Fwp%2Fv2%2Fcomments&post=3781"}],"version-history":[{"count":1,"href":"https:\/\/www.lodelmomentoloja.com\/index.php?rest_route=\/wp\/v2\/posts\/3781\/revisions"}],"predecessor-version":[{"id":3783,"href":"https:\/\/www.lodelmomentoloja.com\/index.php?rest_route=\/wp\/v2\/posts\/3781\/revisions\/3783"}],"wp:featuredmedia":[{"embeddable":true,"href":"https:\/\/www.lodelmomentoloja.com\/index.php?rest_route=\/wp\/v2\/media\/3782"}],"wp:attachment":[{"href":"https:\/\/www.lodelmomentoloja.com\/index.php?rest_route=%2Fwp%2Fv2%2Fmedia&parent=3781"}],"wp:term":[{"taxonomy":"category","embeddable":true,"href":"https:\/\/www.lodelmomentoloja.com\/index.php?rest_route=%2Fwp%2Fv2%2Fcategories&post=3781"},{"taxonomy":"post_tag","embeddable":true,"href":"https:\/\/www.lodelmomentoloja.com\/index.php?rest_route=%2Fwp%2Fv2%2Ftags&post=3781"}],"curies":[{"name":"wp","href":"https:\/\/api.w.org\/{rel}","templated":true}]}}