{"id":3779,"date":"2021-04-29T12:40:19","date_gmt":"2021-04-29T12:40:19","guid":{"rendered":"http:\/\/www.lodelmomentoloja.com\/?p=3779"},"modified":"2021-04-29T17:43:18","modified_gmt":"2021-04-29T17:43:18","slug":"lasso-se-pronuncia-ante-decision-de-cc","status":"publish","type":"post","link":"https:\/\/www.lodelmomentoloja.com\/?p=3779","title":{"rendered":"Lasso se pronuncia ante decisi\u00f3n de CC."},"content":{"rendered":"<p>#Ecuador | Lasso se pronuncia ante despenalizaci\u00f3n del aborto por Violaci\u00f3n.<\/p>\n<p>\u201cHoy quiero manifestar mi total respeto a lo resuelto por la Corte Constitucional de nuestro pa\u00eds. Anticipo desde ya que este ser\u00e1 respetado tambi\u00e9n por todos los funcionarios que conformar\u00e1n mi futuro Gobierno\u201d. As\u00ed reaccion\u00f3 el presidente electo, Guillermo Lasso, luego de que la Corte Constitucional de Ecuador declarara la despenalizaci\u00f3n del aborto en casos de violaci\u00f3n.<\/p>\n<p>Lasso, quien abiertamente ha defendido su fe cat\u00f3lica, dijo que mantiene un \u201cinquebrantable\u201d respeto a los valores democr\u00e1ticos y republicanos. \u201cCreo especialmente en principios como la laicidad del Estado y la separaci\u00f3n de poderes. Creo que el camino a un mejor pa\u00eds se construye con una democracia que d\u00e9 cabida no solo a quienes compartan mi visi\u00f3n, sino tambi\u00e9n a quienes sostengan creencias distintas\u201d, se\u00f1al\u00f3 a trav\u00e9s de un comunicado difundido la tarde del mi\u00e9rcoles 28 de abril del 2021.<\/p>\n<p>www.facebook.com<br \/>\n#LDMnoticias #lodelmomentolojaLDM<\/p>\n","protected":false},"excerpt":{"rendered":"<p>#Ecuador | Lasso se pronuncia ante despenalizaci\u00f3n del aborto por Violaci\u00f3n. \u201cHoy quiero manifestar mi&#8230;<\/p>\n","protected":false},"author":1,"featured_media":3776,"comment_status":"open","ping_status":"open","sticky":false,"template":"","format":"standard","meta":{"footnotes":""},"categories":[1],"tags":[],"class_list":["post-3779","post","type-post","status-publish","format-standard","has-post-thumbnail","hentry","category-inicio"],"_links":{"self":[{"href":"https:\/\/www.lodelmomentoloja.com\/index.php?rest_route=\/wp\/v2\/posts\/3779"}],"collection":[{"href":"https:\/\/www.lodelmomentoloja.com\/index.php?rest_route=\/wp\/v2\/posts"}],"about":[{"href":"https:\/\/www.lodelmomentoloja.com\/index.php?rest_route=\/wp\/v2\/types\/post"}],"author":[{"embeddable":true,"href":"https:\/\/www.lodelmomentoloja.com\/index.php?rest_route=\/wp\/v2\/users\/1"}],"replies":[{"embeddable":true,"href":"https:\/\/www.lodelmomentoloja.com\/index.php?rest_route=%2Fwp%2Fv2%2Fcomments&post=3779"}],"version-history":[{"count":1,"href":"https:\/\/www.lodelmomentoloja.com\/index.php?rest_route=\/wp\/v2\/posts\/3779\/revisions"}],"predecessor-version":[{"id":3780,"href":"https:\/\/www.lodelmomentoloja.com\/index.php?rest_route=\/wp\/v2\/posts\/3779\/revisions\/3780"}],"wp:featuredmedia":[{"embeddable":true,"href":"https:\/\/www.lodelmomentoloja.com\/index.php?rest_route=\/wp\/v2\/media\/3776"}],"wp:attachment":[{"href":"https:\/\/www.lodelmomentoloja.com\/index.php?rest_route=%2Fwp%2Fv2%2Fmedia&parent=3779"}],"wp:term":[{"taxonomy":"category","embeddable":true,"href":"https:\/\/www.lodelmomentoloja.com\/index.php?rest_route=%2Fwp%2Fv2%2Fcategories&post=3779"},{"taxonomy":"post_tag","embeddable":true,"href":"https:\/\/www.lodelmomentoloja.com\/index.php?rest_route=%2Fwp%2Fv2%2Ftags&post=3779"}],"curies":[{"name":"wp","href":"https:\/\/api.w.org\/{rel}","templated":true}]}}