{"id":3761,"date":"2021-04-27T14:12:19","date_gmt":"2021-04-27T14:12:19","guid":{"rendered":"http:\/\/www.lodelmomentoloja.com\/?p=3761"},"modified":"2021-04-27T19:13:06","modified_gmt":"2021-04-27T19:13:06","slug":"fiscalia-pide-prision-preventiva-para-yunda","status":"publish","type":"post","link":"https:\/\/www.lodelmomentoloja.com\/?p=3761","title":{"rendered":"Fiscalia pide prisi\u00f3n preventiva para Yunda."},"content":{"rendered":"<div class=\"kvgmc6g5 cxmmr5t8 oygrvhab hcukyx3x c1et5uql ii04i59q\">\n<div dir=\"auto\"><a class=\"oajrlxb2 g5ia77u1 qu0x051f esr5mh6w e9989ue4 r7d6kgcz rq0escxv nhd2j8a9 nc684nl6 p7hjln8o kvgmc6g5 cxmmr5t8 oygrvhab hcukyx3x jb3vyjys rz4wbd8a qt6c0cv9 a8nywdso i1ao9s8h esuyzwwr f1sip0of lzcic4wl q66pz984 gpro0wi8 b1v8xokw\" tabindex=\"0\" role=\"link\" href=\"https:\/\/www.facebook.com\/hashtag\/uio?__eep__=6&amp;__cft__[0]=AZXveD1uQSPTZMj9gz7spokHVgeJDF2qoUWvk2Nw5oyfogjqRe0kz692GV9EyaRyUvdrRxgehtdsI2EgtTTtDHcf8yRxInwrISBKIsVvxTwTgJMyHJoBybTKh7MzucxBk7nD4Nx0P4nNErD4JBSi818Ys-WRT1pGT3vALopxFa3S7_RM0bkx6MLSxhbU2D_0eCk&amp;__tn__=*NK-R\">#UIO<\/a> | Fiscalia pide prisi\u00f3n preventiva para Yunda.<\/div>\n<div dir=\"auto\"><\/div>\n<\/div>\n<div class=\"o9v6fnle cxmmr5t8 oygrvhab hcukyx3x c1et5uql ii04i59q\">\n<div dir=\"auto\">Fiscal\u00eda General pidi\u00f3 que se emita prisi\u00f3n preventiva en contra el alcalde Jorge Yunda, investigado por el presunto delito de peculado en la compra de pruebas covid-19.<\/div>\n<div dir=\"auto\"><\/div>\n<\/div>\n<div class=\"o9v6fnle cxmmr5t8 oygrvhab hcukyx3x c1et5uql ii04i59q\">\n<div dir=\"auto\">Esta decisi\u00f3n debe ser resulta por el juez que lleva el caso. Ayer, la Fiscal\u00eda emiti\u00f3 su dictamen acusatorio en contra de Yunda. El fiscal Alberto Santill\u00e1n present\u00f3 los elementos recabados hasta el momento.<\/div>\n<div dir=\"auto\"><\/div>\n<\/div>\n<div class=\"o9v6fnle cxmmr5t8 oygrvhab hcukyx3x c1et5uql ii04i59q\">\n<div dir=\"auto\">Entre ellos est\u00e1n:<\/div>\n<div dir=\"auto\"><\/div>\n<\/div>\n<div class=\"o9v6fnle cxmmr5t8 oygrvhab hcukyx3x c1et5uql ii04i59q\">\n<div dir=\"auto\">1. Contrato de emergencia para la adquisici\u00f3n de reactivos para la determinaci\u00f3n de covid-19 por PCR-polimerasa, suscrito el 16 de abril del 2020.<\/div>\n<div dir=\"auto\"><\/div>\n<\/div>\n<div class=\"o9v6fnle cxmmr5t8 oygrvhab hcukyx3x c1et5uql ii04i59q\">\n<div dir=\"auto\">2. Pago de anticipo del 70% por USD 2 641 800 ordenados desde el Municipio de Quito.<\/div>\n<div dir=\"auto\"><\/div>\n<\/div>\n<div class=\"o9v6fnle cxmmr5t8 oygrvhab hcukyx3x c1et5uql ii04i59q\">\n<div dir=\"auto\">3. Partida presupuestaria por USD 4 226 880 (incluido IVA) para la compra.<\/div>\n<div dir=\"auto\"><\/div>\n<\/div>\n<div class=\"o9v6fnle cxmmr5t8 oygrvhab hcukyx3x c1et5uql ii04i59q\">\n<div dir=\"auto\">4. Terminaci\u00f3n del contrato por mutuo acuerdo (13 de julio del 2020) con la empresa contratante.<\/div>\n<div dir=\"auto\"><\/div>\n<\/div>\n<div class=\"o9v6fnle cxmmr5t8 oygrvhab hcukyx3x c1et5uql ii04i59q\">\n<div dir=\"auto\">La Fiscal\u00eda dice que pidi\u00f3 prisi\u00f3n preventiva contra Yunda porque habr\u00eda otras investigaciones que involucrar\u00edan directamente al burgomaestre y otros familiares.<\/div>\n<div dir=\"auto\"><\/div>\n<\/div>\n<div class=\"o9v6fnle cxmmr5t8 oygrvhab hcukyx3x c1et5uql ii04i59q\">\n<div dir=\"auto\">V\u00eda El Comercio.<\/div>\n<div dir=\"auto\"><\/div>\n<\/div>\n<div class=\"o9v6fnle cxmmr5t8 oygrvhab hcukyx3x c1et5uql ii04i59q\">\n<div dir=\"auto\"><a class=\"oajrlxb2 g5ia77u1 qu0x051f esr5mh6w e9989ue4 r7d6kgcz rq0escxv nhd2j8a9 nc684nl6 p7hjln8o kvgmc6g5 cxmmr5t8 oygrvhab hcukyx3x jb3vyjys rz4wbd8a qt6c0cv9 a8nywdso i1ao9s8h esuyzwwr f1sip0of lzcic4wl py34i1dx gpro0wi8\" tabindex=\"0\" role=\"link\" href=\"https:\/\/l.facebook.com\/l.php?u=http%3A%2F%2Fwww.lodelmomentoloja.com%2F%3Ffbclid%3DIwAR2Q4sDQ8EFowCXgx808QOhLaMM6DLRCPpXOto9SuPQXNDmWL2BVmFlz7NY&amp;h=AT3JsBRoP3NLBcb8tZ4w1BsgAYgznZhxyr3i55_dB8vb3e-W0qRRtWgSKtQO91WgidVFPwggQjhNIkzchbCHpYkHIMF1CgcDUfoTB69cXnOunmb7WmOxsjE1AYlpuUAC&amp;__tn__=-UK-R&amp;c[0]=AT2obUxTy3kThr9Xwjdkr3m-Cs31ZWD_2mvv6-34Wl6RsmOtK47aWdsaYk81smc8K2AkyuM9cYlQw19TQsDvVajXEZLSiwEnHonJHXOHmhbl0dL0IAPO_7BtU2Aj_5wPXawr90Ixx15zWv1cH4icN_oZEiYGpOaGduvuiNPjmVUXh6Ki7oN--i46N6rNbhjHIMDFwv4\" target=\"_blank\" rel=\"nofollow noopener\">www.lodelmomentoloja.com<\/a><\/div>\n<div dir=\"auto\"><a class=\"oajrlxb2 g5ia77u1 qu0x051f esr5mh6w e9989ue4 r7d6kgcz rq0escxv nhd2j8a9 nc684nl6 p7hjln8o kvgmc6g5 cxmmr5t8 oygrvhab hcukyx3x jb3vyjys rz4wbd8a qt6c0cv9 a8nywdso i1ao9s8h esuyzwwr f1sip0of lzcic4wl q66pz984 gpro0wi8 b1v8xokw\" tabindex=\"0\" role=\"link\" href=\"https:\/\/www.facebook.com\/hashtag\/ldmnoticias?__eep__=6&amp;__cft__[0]=AZXveD1uQSPTZMj9gz7spokHVgeJDF2qoUWvk2Nw5oyfogjqRe0kz692GV9EyaRyUvdrRxgehtdsI2EgtTTtDHcf8yRxInwrISBKIsVvxTwTgJMyHJoBybTKh7MzucxBk7nD4Nx0P4nNErD4JBSi818Ys-WRT1pGT3vALopxFa3S7_RM0bkx6MLSxhbU2D_0eCk&amp;__tn__=*NK-R\">#LDMnoticias<\/a> <a class=\"oajrlxb2 g5ia77u1 qu0x051f esr5mh6w e9989ue4 r7d6kgcz rq0escxv nhd2j8a9 nc684nl6 p7hjln8o kvgmc6g5 cxmmr5t8 oygrvhab hcukyx3x jb3vyjys rz4wbd8a qt6c0cv9 a8nywdso i1ao9s8h esuyzwwr f1sip0of lzcic4wl q66pz984 gpro0wi8 b1v8xokw\" tabindex=\"0\" role=\"link\" href=\"https:\/\/www.facebook.com\/hashtag\/lodelmomentolojaldm?__eep__=6&amp;__cft__[0]=AZXveD1uQSPTZMj9gz7spokHVgeJDF2qoUWvk2Nw5oyfogjqRe0kz692GV9EyaRyUvdrRxgehtdsI2EgtTTtDHcf8yRxInwrISBKIsVvxTwTgJMyHJoBybTKh7MzucxBk7nD4Nx0P4nNErD4JBSi818Ys-WRT1pGT3vALopxFa3S7_RM0bkx6MLSxhbU2D_0eCk&amp;__tn__=*NK-R\">#lodelmomentolojaLDM<\/a><\/div>\n<\/div>\n","protected":false},"excerpt":{"rendered":"<p>#UIO | Fiscalia pide prisi\u00f3n preventiva para Yunda. Fiscal\u00eda General pidi\u00f3 que se emita prisi\u00f3n&#8230;<\/p>\n","protected":false},"author":1,"featured_media":3762,"comment_status":"open","ping_status":"open","sticky":false,"template":"","format":"standard","meta":{"footnotes":""},"categories":[1],"tags":[],"class_list":["post-3761","post","type-post","status-publish","format-standard","has-post-thumbnail","hentry","category-inicio"],"_links":{"self":[{"href":"https:\/\/www.lodelmomentoloja.com\/index.php?rest_route=\/wp\/v2\/posts\/3761"}],"collection":[{"href":"https:\/\/www.lodelmomentoloja.com\/index.php?rest_route=\/wp\/v2\/posts"}],"about":[{"href":"https:\/\/www.lodelmomentoloja.com\/index.php?rest_route=\/wp\/v2\/types\/post"}],"author":[{"embeddable":true,"href":"https:\/\/www.lodelmomentoloja.com\/index.php?rest_route=\/wp\/v2\/users\/1"}],"replies":[{"embeddable":true,"href":"https:\/\/www.lodelmomentoloja.com\/index.php?rest_route=%2Fwp%2Fv2%2Fcomments&post=3761"}],"version-history":[{"count":1,"href":"https:\/\/www.lodelmomentoloja.com\/index.php?rest_route=\/wp\/v2\/posts\/3761\/revisions"}],"predecessor-version":[{"id":3763,"href":"https:\/\/www.lodelmomentoloja.com\/index.php?rest_route=\/wp\/v2\/posts\/3761\/revisions\/3763"}],"wp:featuredmedia":[{"embeddable":true,"href":"https:\/\/www.lodelmomentoloja.com\/index.php?rest_route=\/wp\/v2\/media\/3762"}],"wp:attachment":[{"href":"https:\/\/www.lodelmomentoloja.com\/index.php?rest_route=%2Fwp%2Fv2%2Fmedia&parent=3761"}],"wp:term":[{"taxonomy":"category","embeddable":true,"href":"https:\/\/www.lodelmomentoloja.com\/index.php?rest_route=%2Fwp%2Fv2%2Fcategories&post=3761"},{"taxonomy":"post_tag","embeddable":true,"href":"https:\/\/www.lodelmomentoloja.com\/index.php?rest_route=%2Fwp%2Fv2%2Ftags&post=3761"}],"curies":[{"name":"wp","href":"https:\/\/api.w.org\/{rel}","templated":true}]}}