{"id":3757,"date":"2021-04-27T14:11:35","date_gmt":"2021-04-27T14:11:35","guid":{"rendered":"http:\/\/www.lodelmomentoloja.com\/?p=3757"},"modified":"2021-04-27T19:10:59","modified_gmt":"2021-04-27T19:10:59","slug":"dia-internacional-del-diseno","status":"publish","type":"post","link":"https:\/\/www.lodelmomentoloja.com\/?p=3757","title":{"rendered":"D\u00eda Internacional del Dise\u00f1o."},"content":{"rendered":"<div class=\"kvgmc6g5 cxmmr5t8 oygrvhab hcukyx3x c1et5uql ii04i59q\">\n<div dir=\"auto\"><a class=\"oajrlxb2 g5ia77u1 qu0x051f esr5mh6w e9989ue4 r7d6kgcz rq0escxv nhd2j8a9 nc684nl6 p7hjln8o kvgmc6g5 cxmmr5t8 oygrvhab hcukyx3x jb3vyjys rz4wbd8a qt6c0cv9 a8nywdso i1ao9s8h esuyzwwr f1sip0of lzcic4wl q66pz984 gpro0wi8 b1v8xokw\" tabindex=\"0\" role=\"link\" href=\"https:\/\/www.facebook.com\/hashtag\/mundo?__eep__=6&amp;__cft__[0]=AZWjN8WHY4Rz-O1ZSRbMCfvxPfNf5x1frI8krntMNp-CfvUrVxEqJ9Sf1kgHVYKqr1tlZySoyR6vuRORfNxIJx2gTnFD5MehBqpik4yqb3Gf9mKW4bG2ApzNX-EtYTQYuKi58Xa46Shxy2p702aSLLjx6siLTri9FRAXvuQ7eSWCcBpcN0Awu_P-EcikSDmFQIU&amp;__tn__=*NK-R\">#Mundo<\/a> | D\u00eda Internacional del Dise\u00f1o.<\/div>\n<div dir=\"auto\"><\/div>\n<\/div>\n<div class=\"o9v6fnle cxmmr5t8 oygrvhab hcukyx3x c1et5uql ii04i59q\">\n<div dir=\"auto\">El D\u00eda Internacional del Dise\u00f1o es una fecha que tiene como finalidad el reconocer el valor que tiene el dise\u00f1o para efectuar cambios significativos en todo el mundo y hacer del Dise\u00f1o Gr\u00e1fico una herramienta de valor social.<\/div>\n<div dir=\"auto\"><\/div>\n<\/div>\n<div class=\"o9v6fnle cxmmr5t8 oygrvhab hcukyx3x c1et5uql ii04i59q\">\n<div dir=\"auto\">Eligieron este d\u00eda, precisamente el 27 de abril, para conmemorar la fundaci\u00f3n de la organizaci\u00f3n, lo cual ocurri\u00f3 un d\u00eda como hoy, pero en 1963. La primera vez que se celebr\u00f3 la fecha fue el 27 de abril de 1995, y hasta el d\u00eda de hoy, sigue vigente la celebraci\u00f3n.<\/div>\n<div dir=\"auto\"><\/div>\n<\/div>\n<div class=\"o9v6fnle cxmmr5t8 oygrvhab hcukyx3x c1et5uql ii04i59q\">\n<div dir=\"auto\">Sin embargo, se celebr\u00f3 con este nombre (D\u00eda Mundial del Dise\u00f1o) hasta 2020; por primera vez en 2021, lo conocemos como D\u00eda Internacional del Dise\u00f1o.<\/div>\n<div dir=\"auto\"><\/div>\n<\/div>\n<div class=\"o9v6fnle cxmmr5t8 oygrvhab hcukyx3x c1et5uql ii04i59q\">\n<div dir=\"auto\"><a class=\"oajrlxb2 g5ia77u1 qu0x051f esr5mh6w e9989ue4 r7d6kgcz rq0escxv nhd2j8a9 nc684nl6 p7hjln8o kvgmc6g5 cxmmr5t8 oygrvhab hcukyx3x jb3vyjys rz4wbd8a qt6c0cv9 a8nywdso i1ao9s8h esuyzwwr f1sip0of lzcic4wl py34i1dx gpro0wi8\" tabindex=\"0\" role=\"link\" href=\"http:\/\/www.lodelmomentoloja.com\/?fbclid=IwAR2Fwtw4TIDKouzEUTCFBRyJb1hqRfSbY2TMGEIMfTB-6SZNYdQzDugoq60\" target=\"_blank\" rel=\"nofollow noopener\">www.lodelmomentoloja.com<\/a><\/div>\n<div dir=\"auto\"><a class=\"oajrlxb2 g5ia77u1 qu0x051f esr5mh6w e9989ue4 r7d6kgcz rq0escxv nhd2j8a9 nc684nl6 p7hjln8o kvgmc6g5 cxmmr5t8 oygrvhab hcukyx3x jb3vyjys rz4wbd8a qt6c0cv9 a8nywdso i1ao9s8h esuyzwwr f1sip0of lzcic4wl q66pz984 gpro0wi8 b1v8xokw\" tabindex=\"0\" role=\"link\" href=\"https:\/\/www.facebook.com\/hashtag\/ldmnoticias?__eep__=6&amp;__cft__[0]=AZWjN8WHY4Rz-O1ZSRbMCfvxPfNf5x1frI8krntMNp-CfvUrVxEqJ9Sf1kgHVYKqr1tlZySoyR6vuRORfNxIJx2gTnFD5MehBqpik4yqb3Gf9mKW4bG2ApzNX-EtYTQYuKi58Xa46Shxy2p702aSLLjx6siLTri9FRAXvuQ7eSWCcBpcN0Awu_P-EcikSDmFQIU&amp;__tn__=*NK-R\">#LDMnoticias<\/a> <a class=\"oajrlxb2 g5ia77u1 qu0x051f esr5mh6w e9989ue4 r7d6kgcz rq0escxv nhd2j8a9 nc684nl6 p7hjln8o kvgmc6g5 cxmmr5t8 oygrvhab hcukyx3x jb3vyjys rz4wbd8a qt6c0cv9 a8nywdso i1ao9s8h esuyzwwr f1sip0of lzcic4wl q66pz984 gpro0wi8 b1v8xokw\" tabindex=\"0\" role=\"link\" href=\"https:\/\/www.facebook.com\/hashtag\/lodelmomentolojaldm?__eep__=6&amp;__cft__[0]=AZWjN8WHY4Rz-O1ZSRbMCfvxPfNf5x1frI8krntMNp-CfvUrVxEqJ9Sf1kgHVYKqr1tlZySoyR6vuRORfNxIJx2gTnFD5MehBqpik4yqb3Gf9mKW4bG2ApzNX-EtYTQYuKi58Xa46Shxy2p702aSLLjx6siLTri9FRAXvuQ7eSWCcBpcN0Awu_P-EcikSDmFQIU&amp;__tn__=*NK-R\">#lodelmomentolojaLDM<\/a><\/div>\n<\/div>\n","protected":false},"excerpt":{"rendered":"<p>#Mundo | D\u00eda Internacional del Dise\u00f1o. El D\u00eda Internacional del Dise\u00f1o es una fecha que&#8230;<\/p>\n","protected":false},"author":1,"featured_media":3758,"comment_status":"open","ping_status":"open","sticky":false,"template":"","format":"standard","meta":{"footnotes":""},"categories":[1],"tags":[],"class_list":["post-3757","post","type-post","status-publish","format-standard","has-post-thumbnail","hentry","category-inicio"],"_links":{"self":[{"href":"https:\/\/www.lodelmomentoloja.com\/index.php?rest_route=\/wp\/v2\/posts\/3757"}],"collection":[{"href":"https:\/\/www.lodelmomentoloja.com\/index.php?rest_route=\/wp\/v2\/posts"}],"about":[{"href":"https:\/\/www.lodelmomentoloja.com\/index.php?rest_route=\/wp\/v2\/types\/post"}],"author":[{"embeddable":true,"href":"https:\/\/www.lodelmomentoloja.com\/index.php?rest_route=\/wp\/v2\/users\/1"}],"replies":[{"embeddable":true,"href":"https:\/\/www.lodelmomentoloja.com\/index.php?rest_route=%2Fwp%2Fv2%2Fcomments&post=3757"}],"version-history":[{"count":2,"href":"https:\/\/www.lodelmomentoloja.com\/index.php?rest_route=\/wp\/v2\/posts\/3757\/revisions"}],"predecessor-version":[{"id":3760,"href":"https:\/\/www.lodelmomentoloja.com\/index.php?rest_route=\/wp\/v2\/posts\/3757\/revisions\/3760"}],"wp:featuredmedia":[{"embeddable":true,"href":"https:\/\/www.lodelmomentoloja.com\/index.php?rest_route=\/wp\/v2\/media\/3758"}],"wp:attachment":[{"href":"https:\/\/www.lodelmomentoloja.com\/index.php?rest_route=%2Fwp%2Fv2%2Fmedia&parent=3757"}],"wp:term":[{"taxonomy":"category","embeddable":true,"href":"https:\/\/www.lodelmomentoloja.com\/index.php?rest_route=%2Fwp%2Fv2%2Fcategories&post=3757"},{"taxonomy":"post_tag","embeddable":true,"href":"https:\/\/www.lodelmomentoloja.com\/index.php?rest_route=%2Fwp%2Fv2%2Ftags&post=3757"}],"curies":[{"name":"wp","href":"https:\/\/api.w.org\/{rel}","templated":true}]}}