{"id":3742,"date":"2021-04-27T13:59:48","date_gmt":"2021-04-27T13:59:48","guid":{"rendered":"http:\/\/www.lodelmomentoloja.com\/?p=3742"},"modified":"2021-04-27T19:00:00","modified_gmt":"2021-04-27T19:00:00","slug":"investigacion-al-municipio-de-guayaquil-por-contrato","status":"publish","type":"post","link":"https:\/\/www.lodelmomentoloja.com\/?p=3742","title":{"rendered":"Investigaci\u00f3n al Municipio de Guayaquil por contrato"},"content":{"rendered":"<div class=\"kvgmc6g5 cxmmr5t8 oygrvhab hcukyx3x c1et5uql ii04i59q\">\n<div dir=\"auto\"><a class=\"oajrlxb2 g5ia77u1 qu0x051f esr5mh6w e9989ue4 r7d6kgcz rq0escxv nhd2j8a9 nc684nl6 p7hjln8o kvgmc6g5 cxmmr5t8 oygrvhab hcukyx3x jb3vyjys rz4wbd8a qt6c0cv9 a8nywdso i1ao9s8h esuyzwwr f1sip0of lzcic4wl q66pz984 gpro0wi8 b1v8xokw\" tabindex=\"0\" role=\"link\" href=\"https:\/\/www.facebook.com\/hashtag\/guayaquil?__eep__=6&amp;__cft__[0]=AZXhUp-dy5NPFQeLFsf02oCZ3uMP4ArUtZNXO4xVN2YoswOaU7vfDnFscBIXbHJYdrm40whPIGfEr8SRvB09d8AfcQ1gS76o6mU1fAb1vs5JB5H1XmarbR95sr8qNzITx1gVHFIoUdMZBvVUl1oQqm0phtTvuCCEHSvnOkumus0DcJMNeYwsyh3rRfH7Y9Sl5SQ&amp;__tn__=*NK-R\">#Guayaquil<\/a> | Investigaci\u00f3n al Municipio de Guayaquil por contrato.<\/div>\n<div dir=\"auto\"><\/div>\n<\/div>\n<div class=\"o9v6fnle cxmmr5t8 oygrvhab hcukyx3x c1et5uql ii04i59q\">\n<div dir=\"auto\">La fiscal provincial del Guayas, Yanina Villag\u00f3mez, orden\u00f3 que se inicie una investigaci\u00f3n por &#8220;presuntas irregularidades en el Municipio de Guayaquil&#8221;, seg\u00fan se anunci\u00f3 la noche de este lunes 26 de abril en la cuenta de Twitter de la Fiscal\u00eda.<\/div>\n<div dir=\"auto\"><\/div>\n<\/div>\n<div class=\"o9v6fnle cxmmr5t8 oygrvhab hcukyx3x c1et5uql ii04i59q\">\n<div dir=\"auto\">Esto sucede luego de que se conociera que Cynthia Viteri alcaldesa de Guayaquil y el procurador s\u00edndico del Cabildo porte\u00f1o, Cristian Castelblanco, le pidieron a Villag\u00f3mez que disponga la &#8220;inmediata investigaci\u00f3n&#8221; de los contratos del proyecto &#8220;Letras Vivas&#8221; y de limpieza celebrados por la Fundaci\u00f3n Siglo XXI, con la finalidad de que se esclarezcan todos los hechos derivados de los contratos antes mencionados.<\/div>\n<div dir=\"auto\"><\/div>\n<\/div>\n<div class=\"o9v6fnle cxmmr5t8 oygrvhab hcukyx3x c1et5uql ii04i59q\">\n<div dir=\"auto\">&#8220;Letras Vivas&#8221; es un programa que contempla pintar 50 frases de escritores en paredes de varios sectores de la urbe. Para ejecutar este proyecto la Alcald\u00eda firm\u00f3 un contrato de 389.350 d\u00f3lares m\u00e1s IVA. Este contrato fue firmado en diciembre 2020.<\/div>\n<div dir=\"auto\"><\/div>\n<\/div>\n<div class=\"o9v6fnle cxmmr5t8 oygrvhab hcukyx3x c1et5uql ii04i59q\">\n<div dir=\"auto\"><a class=\"oajrlxb2 g5ia77u1 qu0x051f esr5mh6w e9989ue4 r7d6kgcz rq0escxv nhd2j8a9 nc684nl6 p7hjln8o kvgmc6g5 cxmmr5t8 oygrvhab hcukyx3x jb3vyjys rz4wbd8a qt6c0cv9 a8nywdso i1ao9s8h esuyzwwr f1sip0of lzcic4wl py34i1dx gpro0wi8\" tabindex=\"0\" role=\"link\" href=\"https:\/\/l.facebook.com\/l.php?u=http%3A%2F%2Fwww.lodelmomentoloja.com%2F%3Ffbclid%3DIwAR0FcW_7aUi2G_4cmUXZnoL4TbNTJRN95A0Jjwz0SWss31McAAxdE8n03Og&amp;h=AT3JsBRoP3NLBcb8tZ4w1BsgAYgznZhxyr3i55_dB8vb3e-W0qRRtWgSKtQO91WgidVFPwggQjhNIkzchbCHpYkHIMF1CgcDUfoTB69cXnOunmb7WmOxsjE1AYlpuUAC&amp;__tn__=-UK-R&amp;c[0]=AT26HvSTOyUseLK5IldYW0LP6FT9m6a4bAvMt-ptGMVZMMSGB61cWbs0Muyl3_NIyHAKL_mND7svSdM_iU3opm5_Sm7Cjx5ytAxIyl8nijM58gMyuCEFnjrqBpOPZiWGv7_qQ76cANSsET13BooyffPTJIg0adWZ7EYBGUXyTb7UiIoM2owwtmk49ygHkjM8DxUUT60\" target=\"_blank\" rel=\"nofollow noopener\">www.lodelmomentoloja.com<\/a><\/div>\n<div dir=\"auto\"><a class=\"oajrlxb2 g5ia77u1 qu0x051f esr5mh6w e9989ue4 r7d6kgcz rq0escxv nhd2j8a9 nc684nl6 p7hjln8o kvgmc6g5 cxmmr5t8 oygrvhab hcukyx3x jb3vyjys rz4wbd8a qt6c0cv9 a8nywdso i1ao9s8h esuyzwwr f1sip0of lzcic4wl q66pz984 gpro0wi8 b1v8xokw\" tabindex=\"0\" role=\"link\" href=\"https:\/\/www.facebook.com\/hashtag\/ldmnoticias?__eep__=6&amp;__cft__[0]=AZXhUp-dy5NPFQeLFsf02oCZ3uMP4ArUtZNXO4xVN2YoswOaU7vfDnFscBIXbHJYdrm40whPIGfEr8SRvB09d8AfcQ1gS76o6mU1fAb1vs5JB5H1XmarbR95sr8qNzITx1gVHFIoUdMZBvVUl1oQqm0phtTvuCCEHSvnOkumus0DcJMNeYwsyh3rRfH7Y9Sl5SQ&amp;__tn__=*NK-R\">#LDMnoticias<\/a> <a class=\"oajrlxb2 g5ia77u1 qu0x051f esr5mh6w e9989ue4 r7d6kgcz rq0escxv nhd2j8a9 nc684nl6 p7hjln8o kvgmc6g5 cxmmr5t8 oygrvhab hcukyx3x jb3vyjys rz4wbd8a qt6c0cv9 a8nywdso i1ao9s8h esuyzwwr f1sip0of lzcic4wl q66pz984 gpro0wi8 b1v8xokw\" tabindex=\"0\" role=\"link\" href=\"https:\/\/www.facebook.com\/hashtag\/lodelmomentolojaldm?__eep__=6&amp;__cft__[0]=AZXhUp-dy5NPFQeLFsf02oCZ3uMP4ArUtZNXO4xVN2YoswOaU7vfDnFscBIXbHJYdrm40whPIGfEr8SRvB09d8AfcQ1gS76o6mU1fAb1vs5JB5H1XmarbR95sr8qNzITx1gVHFIoUdMZBvVUl1oQqm0phtTvuCCEHSvnOkumus0DcJMNeYwsyh3rRfH7Y9Sl5SQ&amp;__tn__=*NK-R\">#lodelmomentolojaLDM<\/a><\/div>\n<\/div>\n","protected":false},"excerpt":{"rendered":"<p>#Guayaquil | Investigaci\u00f3n al Municipio de Guayaquil por contrato. La fiscal provincial del Guayas, Yanina&#8230;<\/p>\n","protected":false},"author":1,"featured_media":3743,"comment_status":"open","ping_status":"open","sticky":false,"template":"","format":"standard","meta":{"footnotes":""},"categories":[1],"tags":[],"class_list":["post-3742","post","type-post","status-publish","format-standard","has-post-thumbnail","hentry","category-inicio"],"_links":{"self":[{"href":"https:\/\/www.lodelmomentoloja.com\/index.php?rest_route=\/wp\/v2\/posts\/3742"}],"collection":[{"href":"https:\/\/www.lodelmomentoloja.com\/index.php?rest_route=\/wp\/v2\/posts"}],"about":[{"href":"https:\/\/www.lodelmomentoloja.com\/index.php?rest_route=\/wp\/v2\/types\/post"}],"author":[{"embeddable":true,"href":"https:\/\/www.lodelmomentoloja.com\/index.php?rest_route=\/wp\/v2\/users\/1"}],"replies":[{"embeddable":true,"href":"https:\/\/www.lodelmomentoloja.com\/index.php?rest_route=%2Fwp%2Fv2%2Fcomments&post=3742"}],"version-history":[{"count":1,"href":"https:\/\/www.lodelmomentoloja.com\/index.php?rest_route=\/wp\/v2\/posts\/3742\/revisions"}],"predecessor-version":[{"id":3744,"href":"https:\/\/www.lodelmomentoloja.com\/index.php?rest_route=\/wp\/v2\/posts\/3742\/revisions\/3744"}],"wp:featuredmedia":[{"embeddable":true,"href":"https:\/\/www.lodelmomentoloja.com\/index.php?rest_route=\/wp\/v2\/media\/3743"}],"wp:attachment":[{"href":"https:\/\/www.lodelmomentoloja.com\/index.php?rest_route=%2Fwp%2Fv2%2Fmedia&parent=3742"}],"wp:term":[{"taxonomy":"category","embeddable":true,"href":"https:\/\/www.lodelmomentoloja.com\/index.php?rest_route=%2Fwp%2Fv2%2Fcategories&post=3742"},{"taxonomy":"post_tag","embeddable":true,"href":"https:\/\/www.lodelmomentoloja.com\/index.php?rest_route=%2Fwp%2Fv2%2Ftags&post=3742"}],"curies":[{"name":"wp","href":"https:\/\/api.w.org\/{rel}","templated":true}]}}