{"id":3691,"date":"2021-04-22T13:00:36","date_gmt":"2021-04-22T13:00:36","guid":{"rendered":"http:\/\/www.lodelmomentoloja.com\/?p=3691"},"modified":"2021-04-22T18:10:46","modified_gmt":"2021-04-22T18:10:46","slug":"resoluciones-coe-cantonal-loja","status":"publish","type":"post","link":"https:\/\/www.lodelmomentoloja.com\/?p=3691","title":{"rendered":"Resoluciones COE Cantonal Loja"},"content":{"rendered":"<p>#Loja | Resoluciones COE Cantonal Loja.<\/p>\n<p>Efra\u00edn Mu\u00f1\u00f3z, Coordinador General del Municipio de Loja inform\u00f3 sobre las resoluciones tomadas por el COE Cantonal, tras el decreto presidencial N\u00b0 1291.<\/p>\n<p>-Acoger las restricciones conforme al decreto ejecutivo 1291.<br \/>\n(Respecto al toque de queda y restricci\u00f3n vehicular).<\/p>\n<p>-Aforo m\u00e1ximo de transporte p\u00fablico (buses, taxis) en un 50%.<\/p>\n<p>-Giros de negocios laborar\u00e1n de Lunes a Viernes de 05h00 a 19h00.<\/p>\n<p>-Prohibici\u00f3n de atenci\u00f3n (S\u00e1bado y Domingo) para todo tipo de negocios (incluido mercados municipales, espacios de comercializaci\u00f3n y ferias de ganado).<\/p>\n<p>-Establecimientos comerciales (cines, teatros, funerarias, restaurantes, iglesias y gimnasios) pueden laborar con un aforo de 30% de lunes a viernes.<\/p>\n<p>-Servicio de Delivery (con empresas legalmente constituidas) ser\u00e1 de Lunes a viernes de 05h00 a 19h00. Fin de semana habilitado \u00fanicamente para trasladar medicina.<\/p>\n<p>-Mantener suspendidas las actividades en centros de tolerancia, bares, discotecas, galleras, zool\u00f3gicos, salones de eventos, canchas p\u00fablicas y privadas, piscinas, parques y dem\u00e1s lugares que aglomeren a personas.<\/p>\n<p>-Prohibida la venta de bebidas alcoh\u00f3licas y de moderaci\u00f3n los d\u00edas Viernes, S\u00e1bado y Domingo.<\/p>\n<p>-Teletrabajo obligatorio para el sector p\u00fablico y privado.<\/p>\n<p>-Solicitar al MSP la vacunaci\u00f3n del personal de la f\u00e1brica de ox\u00edgeno (\u00fanica entidad que facilita este servicio a nivel de la provincia de Loja).<\/p>\n<p>www.lodelmomentoloja.com<br \/>\n#LDMnoticias #lodelmomentolojaLDM<\/p>\n","protected":false},"excerpt":{"rendered":"<p>#Loja | Resoluciones COE Cantonal Loja. Efra\u00edn Mu\u00f1\u00f3z, Coordinador General del Municipio de Loja inform\u00f3&#8230;<\/p>\n","protected":false},"author":1,"featured_media":3692,"comment_status":"open","ping_status":"open","sticky":false,"template":"","format":"standard","meta":{"footnotes":""},"categories":[1],"tags":[],"class_list":["post-3691","post","type-post","status-publish","format-standard","has-post-thumbnail","hentry","category-inicio"],"_links":{"self":[{"href":"https:\/\/www.lodelmomentoloja.com\/index.php?rest_route=\/wp\/v2\/posts\/3691"}],"collection":[{"href":"https:\/\/www.lodelmomentoloja.com\/index.php?rest_route=\/wp\/v2\/posts"}],"about":[{"href":"https:\/\/www.lodelmomentoloja.com\/index.php?rest_route=\/wp\/v2\/types\/post"}],"author":[{"embeddable":true,"href":"https:\/\/www.lodelmomentoloja.com\/index.php?rest_route=\/wp\/v2\/users\/1"}],"replies":[{"embeddable":true,"href":"https:\/\/www.lodelmomentoloja.com\/index.php?rest_route=%2Fwp%2Fv2%2Fcomments&post=3691"}],"version-history":[{"count":1,"href":"https:\/\/www.lodelmomentoloja.com\/index.php?rest_route=\/wp\/v2\/posts\/3691\/revisions"}],"predecessor-version":[{"id":3693,"href":"https:\/\/www.lodelmomentoloja.com\/index.php?rest_route=\/wp\/v2\/posts\/3691\/revisions\/3693"}],"wp:featuredmedia":[{"embeddable":true,"href":"https:\/\/www.lodelmomentoloja.com\/index.php?rest_route=\/wp\/v2\/media\/3692"}],"wp:attachment":[{"href":"https:\/\/www.lodelmomentoloja.com\/index.php?rest_route=%2Fwp%2Fv2%2Fmedia&parent=3691"}],"wp:term":[{"taxonomy":"category","embeddable":true,"href":"https:\/\/www.lodelmomentoloja.com\/index.php?rest_route=%2Fwp%2Fv2%2Fcategories&post=3691"},{"taxonomy":"post_tag","embeddable":true,"href":"https:\/\/www.lodelmomentoloja.com\/index.php?rest_route=%2Fwp%2Fv2%2Ftags&post=3691"}],"curies":[{"name":"wp","href":"https:\/\/api.w.org\/{rel}","templated":true}]}}