{"id":369,"date":"2020-10-14T23:00:19","date_gmt":"2020-10-14T23:00:19","guid":{"rendered":"http:\/\/www.lodelmomentoloja.com\/?p=369"},"modified":"2020-11-10T00:50:23","modified_gmt":"2020-11-10T00:50:23","slug":"vaticano-abre-juicio-por-abusos-sexuales","status":"publish","type":"post","link":"https:\/\/www.lodelmomentoloja.com\/?p=369","title":{"rendered":"Vaticano abre juicio por abusos sexuales."},"content":{"rendered":"\n<figure class=\"wp-block-image\"><img decoding=\"async\" src=\"https:\/\/scontent.floh1-1.fna.fbcdn.net\/v\/t1.0-9\/121661855_826826088087483_5198687074148517585_o.jpg?_nc_cat=101&amp;ccb=2&amp;_nc_sid=730e14&amp;_nc_ohc=Vu2WBk7gVXUAX-E3rZj&amp;_nc_ht=scontent.floh1-1.fna&amp;oh=e39058ef07a15686011aef9d99acec7c&amp;oe=5FCDA580\" alt=\"\"\/><\/figure>\n\n\n\n<p>El Vaticano abre un juicio por abusos sexuales dentro de su preseminario.<\/p>\n\n\n\n<p>El Vaticano empez\u00f3 este mi\u00e9rcoles 14 de octubre del 2020 a juzgar a dos curas, a uno por supuestos abusos sexuales en el preseminario San P\u00edo X y a otro por encubrirlos como rector, la primera vez que se procesa un caso cometido dentro de su territorio.<\/p>\n\n\n\n<p>El primer acusado es el sacerdote Gabriele Martinelli, de 28 a\u00f1os, acusado de usar su autoridad como coordinador de los seminaristas del preseminario entre 2007 y 2012 para abusar sexualmente de un joven, L.G, recurriendo tambi\u00e9n a las amenazas y la violencia.<\/p>\n\n\n\n<p>Por su parte, Enrico Radice, de 71 a\u00f1os, es acusado de encubrir estos hechos como rector del preseminario y de ayudar en repetidas ocasiones a Martinelli a eludir las investigaciones en su contra.<br><br>V\u00eda El Comercio.<\/p>\n","protected":false},"excerpt":{"rendered":"<p>El Vaticano abre un juicio por abusos sexuales dentro de su preseminario. El Vaticano empez\u00f3&#8230;<\/p>\n","protected":false},"author":1,"featured_media":370,"comment_status":"open","ping_status":"open","sticky":false,"template":"","format":"standard","meta":{"footnotes":""},"categories":[1,4],"tags":[],"class_list":["post-369","post","type-post","status-publish","format-standard","has-post-thumbnail","hentry","category-inicio","category-internacional"],"_links":{"self":[{"href":"https:\/\/www.lodelmomentoloja.com\/index.php?rest_route=\/wp\/v2\/posts\/369"}],"collection":[{"href":"https:\/\/www.lodelmomentoloja.com\/index.php?rest_route=\/wp\/v2\/posts"}],"about":[{"href":"https:\/\/www.lodelmomentoloja.com\/index.php?rest_route=\/wp\/v2\/types\/post"}],"author":[{"embeddable":true,"href":"https:\/\/www.lodelmomentoloja.com\/index.php?rest_route=\/wp\/v2\/users\/1"}],"replies":[{"embeddable":true,"href":"https:\/\/www.lodelmomentoloja.com\/index.php?rest_route=%2Fwp%2Fv2%2Fcomments&post=369"}],"version-history":[{"count":1,"href":"https:\/\/www.lodelmomentoloja.com\/index.php?rest_route=\/wp\/v2\/posts\/369\/revisions"}],"predecessor-version":[{"id":371,"href":"https:\/\/www.lodelmomentoloja.com\/index.php?rest_route=\/wp\/v2\/posts\/369\/revisions\/371"}],"wp:featuredmedia":[{"embeddable":true,"href":"https:\/\/www.lodelmomentoloja.com\/index.php?rest_route=\/wp\/v2\/media\/370"}],"wp:attachment":[{"href":"https:\/\/www.lodelmomentoloja.com\/index.php?rest_route=%2Fwp%2Fv2%2Fmedia&parent=369"}],"wp:term":[{"taxonomy":"category","embeddable":true,"href":"https:\/\/www.lodelmomentoloja.com\/index.php?rest_route=%2Fwp%2Fv2%2Fcategories&post=369"},{"taxonomy":"post_tag","embeddable":true,"href":"https:\/\/www.lodelmomentoloja.com\/index.php?rest_route=%2Fwp%2Fv2%2Ftags&post=369"}],"curies":[{"name":"wp","href":"https:\/\/api.w.org\/{rel}","templated":true}]}}