{"id":3687,"date":"2021-04-22T11:00:13","date_gmt":"2021-04-22T11:00:13","guid":{"rendered":"http:\/\/www.lodelmomentoloja.com\/?p=3687"},"modified":"2021-04-22T16:46:36","modified_gmt":"2021-04-22T16:46:36","slug":"contraloria-fue-incendidada-desde-el-interior","status":"publish","type":"post","link":"https:\/\/www.lodelmomentoloja.com\/?p=3687","title":{"rendered":"&#8220;Contralor\u00eda fue incendidada desde el interior&#8221;"},"content":{"rendered":"<p>#Ecuador | &#8220;La Contralor\u00eda fue incendiada desde adentro&#8221;.<\/p>\n<p>Valentina Z\u00e1rate, nueva Contralora subrogante, habl\u00f3 sobre el incendio al edificio de esta instituci\u00f3n en el paro nacional de Octubre del 2019 y revel\u00f3 que las oficinas de la sede matriz se incendiaron desde adentro, seg\u00fan lo revel\u00f3 un informe del Cuerpo de Bomberos.<\/p>\n<p>Z\u00e1rate relat\u00f3 para El Comercio que, cuando se desarrollaron estos incidentes, ella trabajaba como Secretaria General de la Contralor\u00eda y esta \u00e1rea se incendi\u00f3 en su totalidad, pero no toda la documentaci\u00f3n se perdi\u00f3.<\/p>\n<p>\u201cEn el reporte de Bomberos que tuvimos, se entiende que la oficina de Secretar\u00eda General que yo ocupaba, se incendi\u00f3 desde adentro, no desde afuera. Esta dependencia tiene varias \u00e1reas y todas fueron quemadas, pero no tuvieron acceso a informaci\u00f3n que se protege por otros mecanismos\u201d.<\/p>\n<p>www.lodelmomentoloja.com<br \/>\n#LDMnoticias #lodelmomentolojaLDM<\/p>\n","protected":false},"excerpt":{"rendered":"<p>#Ecuador | &#8220;La Contralor\u00eda fue incendiada desde adentro&#8221;. Valentina Z\u00e1rate, nueva Contralora subrogante, habl\u00f3 sobre&#8230;<\/p>\n","protected":false},"author":1,"featured_media":3688,"comment_status":"open","ping_status":"open","sticky":false,"template":"","format":"standard","meta":{"footnotes":""},"categories":[1],"tags":[],"class_list":["post-3687","post","type-post","status-publish","format-standard","has-post-thumbnail","hentry","category-inicio"],"_links":{"self":[{"href":"https:\/\/www.lodelmomentoloja.com\/index.php?rest_route=\/wp\/v2\/posts\/3687"}],"collection":[{"href":"https:\/\/www.lodelmomentoloja.com\/index.php?rest_route=\/wp\/v2\/posts"}],"about":[{"href":"https:\/\/www.lodelmomentoloja.com\/index.php?rest_route=\/wp\/v2\/types\/post"}],"author":[{"embeddable":true,"href":"https:\/\/www.lodelmomentoloja.com\/index.php?rest_route=\/wp\/v2\/users\/1"}],"replies":[{"embeddable":true,"href":"https:\/\/www.lodelmomentoloja.com\/index.php?rest_route=%2Fwp%2Fv2%2Fcomments&post=3687"}],"version-history":[{"count":1,"href":"https:\/\/www.lodelmomentoloja.com\/index.php?rest_route=\/wp\/v2\/posts\/3687\/revisions"}],"predecessor-version":[{"id":3689,"href":"https:\/\/www.lodelmomentoloja.com\/index.php?rest_route=\/wp\/v2\/posts\/3687\/revisions\/3689"}],"wp:featuredmedia":[{"embeddable":true,"href":"https:\/\/www.lodelmomentoloja.com\/index.php?rest_route=\/wp\/v2\/media\/3688"}],"wp:attachment":[{"href":"https:\/\/www.lodelmomentoloja.com\/index.php?rest_route=%2Fwp%2Fv2%2Fmedia&parent=3687"}],"wp:term":[{"taxonomy":"category","embeddable":true,"href":"https:\/\/www.lodelmomentoloja.com\/index.php?rest_route=%2Fwp%2Fv2%2Fcategories&post=3687"},{"taxonomy":"post_tag","embeddable":true,"href":"https:\/\/www.lodelmomentoloja.com\/index.php?rest_route=%2Fwp%2Fv2%2Ftags&post=3687"}],"curies":[{"name":"wp","href":"https:\/\/api.w.org\/{rel}","templated":true}]}}