{"id":3660,"date":"2021-04-20T18:00:11","date_gmt":"2021-04-20T18:00:11","guid":{"rendered":"http:\/\/www.lodelmomentoloja.com\/?p=3660"},"modified":"2021-04-20T23:17:29","modified_gmt":"2021-04-20T23:17:29","slug":"papa-francisco-visitara-ecuador-en-2024","status":"publish","type":"post","link":"https:\/\/www.lodelmomentoloja.com\/?p=3660","title":{"rendered":"Papa Francisco visitar\u00e1 Ecuador en 2024."},"content":{"rendered":"<p dir=\"ltr\">#Ecuador | Papa Francisco volver\u00e1 a Ecuador.<\/p>\n<p dir=\"ltr\">El papa Francisco visitar\u00eda Ecuador en 2024, as\u00ed lo inform\u00f3 el\u00a0<a href=\"https:\/\/twitter.com\/MMejiaDalmau\">ministro de Relaciones Exteriores, Manuel Mej\u00eda<\/a>. Esto debido a que Quito ser\u00eda la sede el 53 Congreso Eucar\u00edstico Internacional (CEI).<\/p>\n<p dir=\"ltr\">Mej\u00eda hizo el anunci\u00f3 a trav\u00e9s de sus redes sociales, en donde tambi\u00e9n inform\u00f3 su reuni\u00f3n con el Nuncio Apost\u00f3lico del Ecuador, Andr\u00e9s Carrascosa, este martes 20 de abril.<\/p>\n<p dir=\"ltr\">&#8220;Una extraordinaria noticia: el Papa Francisco vendr\u00e1 nuevamente al Ecuador, gracias a que Quito ser\u00e1 sede del 53 (CEI)&#8221;, escribi\u00f3 en un tuit. As\u00ed mismo, agreg\u00f3 que &#8220;su pueblo y su Iglesia est\u00e1n siempre en sus oraciones, me asegur\u00f3 en la reuni\u00f3n que mantuvimos el Nuncio Apost\u00f3lico del Ecuador, monse\u00f1or Andr\u00e9s Carrascosa&#8221;.<\/p>\n<p dir=\"ltr\">www.lodelmomentoloja.com<br \/>\n#LDMnoticias #lodelmomentolojaLDM<\/p>\n","protected":false},"excerpt":{"rendered":"<p>#Ecuador | Papa Francisco volver\u00e1 a Ecuador. El papa Francisco visitar\u00eda Ecuador en 2024, as\u00ed&#8230;<\/p>\n","protected":false},"author":1,"featured_media":3661,"comment_status":"open","ping_status":"open","sticky":false,"template":"","format":"standard","meta":{"footnotes":""},"categories":[1],"tags":[],"class_list":["post-3660","post","type-post","status-publish","format-standard","has-post-thumbnail","hentry","category-inicio"],"_links":{"self":[{"href":"https:\/\/www.lodelmomentoloja.com\/index.php?rest_route=\/wp\/v2\/posts\/3660"}],"collection":[{"href":"https:\/\/www.lodelmomentoloja.com\/index.php?rest_route=\/wp\/v2\/posts"}],"about":[{"href":"https:\/\/www.lodelmomentoloja.com\/index.php?rest_route=\/wp\/v2\/types\/post"}],"author":[{"embeddable":true,"href":"https:\/\/www.lodelmomentoloja.com\/index.php?rest_route=\/wp\/v2\/users\/1"}],"replies":[{"embeddable":true,"href":"https:\/\/www.lodelmomentoloja.com\/index.php?rest_route=%2Fwp%2Fv2%2Fcomments&post=3660"}],"version-history":[{"count":1,"href":"https:\/\/www.lodelmomentoloja.com\/index.php?rest_route=\/wp\/v2\/posts\/3660\/revisions"}],"predecessor-version":[{"id":3662,"href":"https:\/\/www.lodelmomentoloja.com\/index.php?rest_route=\/wp\/v2\/posts\/3660\/revisions\/3662"}],"wp:featuredmedia":[{"embeddable":true,"href":"https:\/\/www.lodelmomentoloja.com\/index.php?rest_route=\/wp\/v2\/media\/3661"}],"wp:attachment":[{"href":"https:\/\/www.lodelmomentoloja.com\/index.php?rest_route=%2Fwp%2Fv2%2Fmedia&parent=3660"}],"wp:term":[{"taxonomy":"category","embeddable":true,"href":"https:\/\/www.lodelmomentoloja.com\/index.php?rest_route=%2Fwp%2Fv2%2Fcategories&post=3660"},{"taxonomy":"post_tag","embeddable":true,"href":"https:\/\/www.lodelmomentoloja.com\/index.php?rest_route=%2Fwp%2Fv2%2Ftags&post=3660"}],"curies":[{"name":"wp","href":"https:\/\/api.w.org\/{rel}","templated":true}]}}