{"id":3607,"date":"2021-04-16T18:20:11","date_gmt":"2021-04-16T18:20:11","guid":{"rendered":"http:\/\/www.lodelmomentoloja.com\/?p=3607"},"modified":"2021-04-16T23:30:52","modified_gmt":"2021-04-16T23:30:52","slug":"hoteleros-exigen-rectificacion","status":"publish","type":"post","link":"https:\/\/www.lodelmomentoloja.com\/?p=3607","title":{"rendered":"Hoteleros exigen rectificaci\u00f3n"},"content":{"rendered":"<p>#Loja | Hoteleros exigen rectificaci\u00f3n por versiones sobre el caso del paciente con nueva variante brasile\u00f1a.<\/p>\n<p>Los d\u00edas 13 y 14 de abril del 2021 se han realizado abundantes declaraciones ambiguas las cuales rechazamos rotundamente las mismas que fueron emitidas por el Dr. Alfredo Vera &#8211; Coordinador Zonal 7 de Salud quien asegura en lo principal que: \u201cel paciente diagnosticado con contagio positivo para la nueva variante brasile\u00f1a Covid -19, particip\u00f3 de forma directa e indirecta el 19 &#8211; 20 de marzo de un matrimonio en un hotel de la ciudad. Adem\u00e1s se\u00f1ala que en estado de emergencia sanitaria est\u00e1n prohibidos este tipo de aglomeraciones y que el evento se da en un hotel muy reconocido de la ciudad de Loja, al cual asistieron 70 personas y que se proceder\u00e1 con el cerco epidemiol\u00f3gico\u201d.<\/p>\n<p>Con estas declaraciones infundadas a los medios de comunicaci\u00f3n el funcionario p\u00fablico ha creado p\u00e1nico y alteraci\u00f3n debido a su amplia divulgaci\u00f3n a nivel local y nacional en medios digitales, televisivos, radio y redes sociales en perjuicio del sector hotelero, la imagen del destino tur\u00edstico Loja y de las familias lojanas afectadas.<\/p>\n<p>Por lo que en uso de los derechos, con responsabilidad social miembros hoteleros se ven en la obligaci\u00f3n de rendir su versi\u00f3n, en los siguientes t\u00e9rminos:<\/p>\n<p>1. La persona presuntamente diagnosticada con Covid -19 (variante brasile\u00f1a) estuvo hospedada en un hotel de la ciudad realizando un aislamiento preventivo, ordenado por su empresa del 19 al 27 de marzo de 2021. Esta persona complet\u00f3 estrictamente un aislamiento individual sin contacto con terceras personas en pleno apego al protocolo de bioseguridad de la empresa minera para esta modalidad de alojamiento, recalcando que al momento de concluir el aislamiento preventivo en el hotel fue practicada una prueba PCR (hisopado nasofar\u00edngeo) con resultado NEGATIVO. Este aislamiento preventivo se aplica para todo el personal de una empresa minera para lo cual ha contratado el servicio de alojamiento y alimentaci\u00f3n en hoteles de Loja.<\/p>\n<p>2. En ning\u00fan momento esta persona particip\u00f3 del evento realizado el 20 de marzo en el hotel, ni ha estado presente en salones, ba\u00f1os o \u00e1reas p\u00fablicas del edificio. Adem\u00e1s esta persona no consta en la lista de invitados ni es conocido por los organizadores del evento familiar.<\/p>\n<p>3. Seg\u00fan la normativa del COE Nacional y Cantonal hasta antes del 29 de marzo del 2021 se permit\u00eda la celebraci\u00f3n de eventos sociales (matrimonios) con el aforo del 30% de la capacidad total del local en hoteles y salones de eventos. Al amparo de la Ley, la celebraci\u00f3n de eventos sociales bajo protocolos de bioseguridad (control de aforo, servicio de alimentos y bebidas y todas las medidas de bioseguridad) al d\u00eda 20 de marzo estaban totalmente permitido, siendo este el caso al que se hace alusi\u00f3n. A partir del 29 de marzo el COE Cantonal de Loja dispuso el cambio de sem\u00e1foro a rojo prohibiendo la celebraci\u00f3n de eventos sociales en la ciudad.<\/p>\n<p>4. Con previa autorizaci\u00f3n de los organizadores del evento familiar informamos que en el listado de invitados al matrimonio no hubo ning\u00fan extranjero y menos que viniera del Brasil.<\/p>\n<p>5. Las actividades de los hoteles en Loja se enmarcan dentro de la legalidad y alineadas a las Pol\u00edticas Gubernamentales; siempre en funci\u00f3n de la calidad de servicio y enmarcados en estrictos protocolos de bioseguridad que minimizan el riesgo de contagio. Recalcan tambi\u00e9n que cuentan con la acreditaci\u00f3n por parte del Ministerio de Turismo y GAD Municipal de Loja para las operaciones hoteleras.<\/p>\n<p>6. Invitamos a la m\u00e1xima autoridad de Salud P\u00fablica rectifique sus aseveraciones con el fundamento en las pruebas documentales, entrevistas formales relacionadas al presente caso y de esta forma sincerar la informaci\u00f3n ante la opini\u00f3n p\u00fablica.<\/p>\n<p>www.lodelmomentoloja.com<br \/>\n#LDMnoticias #lodelmomentolojaLDM<\/p>\n","protected":false},"excerpt":{"rendered":"<p>#Loja | Hoteleros exigen rectificaci\u00f3n por versiones sobre el caso del paciente con nueva variante&#8230;<\/p>\n","protected":false},"author":1,"featured_media":3608,"comment_status":"open","ping_status":"open","sticky":false,"template":"","format":"standard","meta":{"footnotes":""},"categories":[1],"tags":[],"class_list":["post-3607","post","type-post","status-publish","format-standard","has-post-thumbnail","hentry","category-inicio"],"_links":{"self":[{"href":"https:\/\/www.lodelmomentoloja.com\/index.php?rest_route=\/wp\/v2\/posts\/3607"}],"collection":[{"href":"https:\/\/www.lodelmomentoloja.com\/index.php?rest_route=\/wp\/v2\/posts"}],"about":[{"href":"https:\/\/www.lodelmomentoloja.com\/index.php?rest_route=\/wp\/v2\/types\/post"}],"author":[{"embeddable":true,"href":"https:\/\/www.lodelmomentoloja.com\/index.php?rest_route=\/wp\/v2\/users\/1"}],"replies":[{"embeddable":true,"href":"https:\/\/www.lodelmomentoloja.com\/index.php?rest_route=%2Fwp%2Fv2%2Fcomments&post=3607"}],"version-history":[{"count":1,"href":"https:\/\/www.lodelmomentoloja.com\/index.php?rest_route=\/wp\/v2\/posts\/3607\/revisions"}],"predecessor-version":[{"id":3609,"href":"https:\/\/www.lodelmomentoloja.com\/index.php?rest_route=\/wp\/v2\/posts\/3607\/revisions\/3609"}],"wp:featuredmedia":[{"embeddable":true,"href":"https:\/\/www.lodelmomentoloja.com\/index.php?rest_route=\/wp\/v2\/media\/3608"}],"wp:attachment":[{"href":"https:\/\/www.lodelmomentoloja.com\/index.php?rest_route=%2Fwp%2Fv2%2Fmedia&parent=3607"}],"wp:term":[{"taxonomy":"category","embeddable":true,"href":"https:\/\/www.lodelmomentoloja.com\/index.php?rest_route=%2Fwp%2Fv2%2Fcategories&post=3607"},{"taxonomy":"post_tag","embeddable":true,"href":"https:\/\/www.lodelmomentoloja.com\/index.php?rest_route=%2Fwp%2Fv2%2Ftags&post=3607"}],"curies":[{"name":"wp","href":"https:\/\/api.w.org\/{rel}","templated":true}]}}