{"id":3604,"date":"2021-04-16T13:00:11","date_gmt":"2021-04-16T13:00:11","guid":{"rendered":"http:\/\/www.lodelmomentoloja.com\/?p=3604"},"modified":"2021-04-16T22:13:37","modified_gmt":"2021-04-16T22:13:37","slug":"homenaje-a-victimas-de-terremoto-del-abril-2016","status":"publish","type":"post","link":"https:\/\/www.lodelmomentoloja.com\/?p=3604","title":{"rendered":"Homenaje a v\u00edctimas de terremoto del abril 2016"},"content":{"rendered":"<p>#Ecuador | Cinco a\u00f1os del terremoto del #16A.<\/p>\n<p>En Pedernales se realiz\u00f3 este viernes un homenaje a las 671 v\u00edctimas mortales del terremoto de magnitud 7,8 en la escala de Richter acontecido el 16 de abril de 2016 y que se sinti\u00f3 en gran parte del territorio nacional, pero afect\u00f3 sobre todo a las provincias de Manab\u00ed y Esmeraldas.<\/p>\n<p>El alcalde de Pedernales, \u00d3scar Arcentales, con otras autoridades y varios familiares de los fallecidos en esa localidad colocaron una ofrenda floral en el monumento a los ca\u00eddos del 16 abril de 2016, ubicado en el malec\u00f3n principal de dicho cant\u00f3n manabita.<\/p>\n<p>V\u00eda: El Universo.<\/p>\n<p>www.lodelmomentoloja.com<br \/>\n#LDMnoticias #lodelmomentolojaLDM<\/p>\n","protected":false},"excerpt":{"rendered":"<p>#Ecuador | Cinco a\u00f1os del terremoto del #16A. En Pedernales se realiz\u00f3 este viernes un&#8230;<\/p>\n","protected":false},"author":1,"featured_media":3605,"comment_status":"open","ping_status":"open","sticky":false,"template":"","format":"standard","meta":{"footnotes":""},"categories":[1],"tags":[],"class_list":["post-3604","post","type-post","status-publish","format-standard","has-post-thumbnail","hentry","category-inicio"],"_links":{"self":[{"href":"https:\/\/www.lodelmomentoloja.com\/index.php?rest_route=\/wp\/v2\/posts\/3604"}],"collection":[{"href":"https:\/\/www.lodelmomentoloja.com\/index.php?rest_route=\/wp\/v2\/posts"}],"about":[{"href":"https:\/\/www.lodelmomentoloja.com\/index.php?rest_route=\/wp\/v2\/types\/post"}],"author":[{"embeddable":true,"href":"https:\/\/www.lodelmomentoloja.com\/index.php?rest_route=\/wp\/v2\/users\/1"}],"replies":[{"embeddable":true,"href":"https:\/\/www.lodelmomentoloja.com\/index.php?rest_route=%2Fwp%2Fv2%2Fcomments&post=3604"}],"version-history":[{"count":1,"href":"https:\/\/www.lodelmomentoloja.com\/index.php?rest_route=\/wp\/v2\/posts\/3604\/revisions"}],"predecessor-version":[{"id":3606,"href":"https:\/\/www.lodelmomentoloja.com\/index.php?rest_route=\/wp\/v2\/posts\/3604\/revisions\/3606"}],"wp:featuredmedia":[{"embeddable":true,"href":"https:\/\/www.lodelmomentoloja.com\/index.php?rest_route=\/wp\/v2\/media\/3605"}],"wp:attachment":[{"href":"https:\/\/www.lodelmomentoloja.com\/index.php?rest_route=%2Fwp%2Fv2%2Fmedia&parent=3604"}],"wp:term":[{"taxonomy":"category","embeddable":true,"href":"https:\/\/www.lodelmomentoloja.com\/index.php?rest_route=%2Fwp%2Fv2%2Fcategories&post=3604"},{"taxonomy":"post_tag","embeddable":true,"href":"https:\/\/www.lodelmomentoloja.com\/index.php?rest_route=%2Fwp%2Fv2%2Ftags&post=3604"}],"curies":[{"name":"wp","href":"https:\/\/api.w.org\/{rel}","templated":true}]}}