{"id":354,"date":"2020-10-16T11:00:38","date_gmt":"2020-10-16T11:00:38","guid":{"rendered":"http:\/\/www.lodelmomentoloja.com\/?p=354"},"modified":"2020-11-10T00:49:38","modified_gmt":"2020-11-10T00:49:38","slug":"ana-luzuriaga-es-la-nueva-coordinadora-zonal-7-de-salud","status":"publish","type":"post","link":"https:\/\/www.lodelmomentoloja.com\/?p=354","title":{"rendered":"Ana Luzuriaga es la nueva Coordinadora Zonal 7 de Salud"},"content":{"rendered":"\n<figure class=\"wp-block-image\"><img decoding=\"async\" src=\"https:\/\/scontent.floh1-1.fna.fbcdn.net\/v\/t1.0-9\/121831280_828695674567191_6700076334781949710_o.jpg?_nc_cat=109&amp;ccb=2&amp;_nc_sid=730e14&amp;_nc_ohc=geTHEzs68HMAX-vk7Ba&amp;_nc_ht=scontent.floh1-1.fna&amp;oh=19347729f62284f82166946f1c8e8efe&amp;oe=5FCE720F\" alt=\"\"\/><\/figure>\n\n\n\n<p>Ana Gabriela Luzuriaga Carri\u00f3n asumi\u00f3 ayer la Coordinaci\u00f3n Zonal 7 de Salud, con jurisdicci\u00f3n para las provincias de Loja, El Oro y Zamora Chinchipe.<\/p>\n\n\n\n<p>Se ha desempe\u00f1ado como Coordinadora Nacional de Hospitales, Directora Nacional de Hospitales subrogante del Ministerio de Salud P\u00fablica (MSP), Especialista Nacional en Seguimiento y Control de la Direcci\u00f3n Nacional de Hospitales, Directora del Distrito 11D01-Loja y su \u00faltimo cargo lo desempe\u00f1\u00f3 como Especialista de Vigilancia Epidemiol\u00f3gica y Provisi\u00f3n de Servicios del Distrito 10D02- Coordinaci\u00f3n Zonal 1 SALUD- actividades que combina con el libre ejercicio profesional desde el a\u00f1o 2013.<\/p>\n","protected":false},"excerpt":{"rendered":"<p>Ana Gabriela Luzuriaga Carri\u00f3n asumi\u00f3 ayer la Coordinaci\u00f3n Zonal 7 de Salud, con jurisdicci\u00f3n para&#8230;<\/p>\n","protected":false},"author":1,"featured_media":355,"comment_status":"open","ping_status":"open","sticky":false,"template":"","format":"standard","meta":{"footnotes":""},"categories":[7,1,5,6],"tags":[],"class_list":["post-354","post","type-post","status-publish","format-standard","has-post-thumbnail","hentry","category-ecuador","category-inicio","category-loja","category-zamora"],"_links":{"self":[{"href":"https:\/\/www.lodelmomentoloja.com\/index.php?rest_route=\/wp\/v2\/posts\/354"}],"collection":[{"href":"https:\/\/www.lodelmomentoloja.com\/index.php?rest_route=\/wp\/v2\/posts"}],"about":[{"href":"https:\/\/www.lodelmomentoloja.com\/index.php?rest_route=\/wp\/v2\/types\/post"}],"author":[{"embeddable":true,"href":"https:\/\/www.lodelmomentoloja.com\/index.php?rest_route=\/wp\/v2\/users\/1"}],"replies":[{"embeddable":true,"href":"https:\/\/www.lodelmomentoloja.com\/index.php?rest_route=%2Fwp%2Fv2%2Fcomments&post=354"}],"version-history":[{"count":1,"href":"https:\/\/www.lodelmomentoloja.com\/index.php?rest_route=\/wp\/v2\/posts\/354\/revisions"}],"predecessor-version":[{"id":356,"href":"https:\/\/www.lodelmomentoloja.com\/index.php?rest_route=\/wp\/v2\/posts\/354\/revisions\/356"}],"wp:featuredmedia":[{"embeddable":true,"href":"https:\/\/www.lodelmomentoloja.com\/index.php?rest_route=\/wp\/v2\/media\/355"}],"wp:attachment":[{"href":"https:\/\/www.lodelmomentoloja.com\/index.php?rest_route=%2Fwp%2Fv2%2Fmedia&parent=354"}],"wp:term":[{"taxonomy":"category","embeddable":true,"href":"https:\/\/www.lodelmomentoloja.com\/index.php?rest_route=%2Fwp%2Fv2%2Fcategories&post=354"},{"taxonomy":"post_tag","embeddable":true,"href":"https:\/\/www.lodelmomentoloja.com\/index.php?rest_route=%2Fwp%2Fv2%2Ftags&post=354"}],"curies":[{"name":"wp","href":"https:\/\/api.w.org\/{rel}","templated":true}]}}