{"id":3527,"date":"2021-04-13T08:00:29","date_gmt":"2021-04-13T08:00:29","guid":{"rendered":"http:\/\/www.lodelmomentoloja.com\/?p=3527"},"modified":"2021-04-13T13:25:40","modified_gmt":"2021-04-13T13:25:40","slug":"utpl-aporta-a-la-identificacion-de-variante-brasilena-y-britanica-covid-19-en-el-canton-loja","status":"publish","type":"post","link":"https:\/\/www.lodelmomentoloja.com\/?p=3527","title":{"rendered":"UTPL aporta a la identificaci\u00f3n de variante brasile\u00f1a y brit\u00e1nica COVID-19 en el cant\u00f3n Loja."},"content":{"rendered":"<p>Proyecto de investigaci\u00f3n de la UTPL analiza variantes circulantes de SARS-COV-2 en la Zona 7 del pa\u00eds y su implicaci\u00f3n con las vacunas en desarrollo.<\/p>\n<p>Con el prop\u00f3sito de identificar y analizar las variantes circulantes de COVID-19 en la Zona 7 del pa\u00eds, desde noviembre de 2020, la Universidad T\u00e9cnica Particular de Loja (UTPL) gener\u00f3 una alianza interinstitucional como parte de un proyecto de investigaci\u00f3n con la Universidad San Francisco de Quito (USFQ), el Hospital Manuel Ygnacio Monteros y el Ministerio de Salud P\u00fablica, que actualmente permiti\u00f3 la identificaci\u00f3n de la variante brit\u00e1nica y brasile\u00f1a en la localidad; siendo la variante brasile\u00f1a identificada por primera vez en el pa\u00eds.<\/p>\n<p>Paola Dalgo Aguilar, directora del proyecto y docente del Departamento de Ciencias de la Salud de la UTPL, mencion\u00f3 que la universidad aporta con recursos econ\u00f3micos y t\u00e9cnicos para realizar la vigilancia gen\u00f3mica de la Zona 7 del pa\u00eds, que permita determinar las variantes del virus que se encuentran circulando. Asimismo, las secuencias identificadas de las variantes se reportan en bases de datos de inter\u00e9s cient\u00edfico como <em>Global Initiative on Sharing All Influenza Data (GISAID)<\/em> donde todos los pa\u00edses reportan las secuencias obtenidas en cada territorio.<\/p>\n<p><img loading=\"lazy\" decoding=\"async\" class=\"alignnone wp-image-3528 size-large\" src=\"http:\/\/www.lodelmomentoloja.com\/wp-content\/uploads\/2021\/04\/db5273f6-a825-4734-9595-897cfc1a2703-1024x559.jpg\" alt=\"\" width=\"640\" height=\"349\" srcset=\"https:\/\/www.lodelmomentoloja.com\/wp-content\/uploads\/2021\/04\/db5273f6-a825-4734-9595-897cfc1a2703-1024x559.jpg 1024w, https:\/\/www.lodelmomentoloja.com\/wp-content\/uploads\/2021\/04\/db5273f6-a825-4734-9595-897cfc1a2703-300x164.jpg 300w, https:\/\/www.lodelmomentoloja.com\/wp-content\/uploads\/2021\/04\/db5273f6-a825-4734-9595-897cfc1a2703-768x419.jpg 768w, https:\/\/www.lodelmomentoloja.com\/wp-content\/uploads\/2021\/04\/db5273f6-a825-4734-9595-897cfc1a2703-640x349.jpg 640w, https:\/\/www.lodelmomentoloja.com\/wp-content\/uploads\/2021\/04\/db5273f6-a825-4734-9595-897cfc1a2703.jpg 1273w\" sizes=\"(max-width: 640px) 100vw, 640px\" \/><\/p>\n<p>La docente agreg\u00f3 que los resultados de esta investigaci\u00f3n fueron elevados al Ministerio de Salud P\u00fablica como entidad rectora de la pol\u00edtica p\u00fablica de salud para que se tomen las mejores decisiones; en este sentido, Camilo Salinas, ministro de Salud confirm\u00f3 que el primer caso de COVID-19 de la variante brasile\u00f1a, corresponde a un paciente masculino que se encuentra en cuidados intensivos del Seguro Social de Loja y est\u00e1 siendo supervisado por los m\u00e9dicos para poder contrarrestar todas las reacciones que presente el ciudadano. Acot\u00f3 que la prueba fue tomada por parte de los profesionales de la UTPL y secuenciada en el Instituto de la USFQ.<\/p>\n<p>\u201cLa identificaci\u00f3n de estas variantes se realiz\u00f3 a partir de la toma de muestras en pacientes positivos de COVID-19, a trav\u00e9s de la extracci\u00f3n del RNA de las muestras y la s\u00edntesis de cDNA usando el protocolo de <em>Public Health England\u201d<\/em> mencion\u00f3 Fernando Serrano Tamay, docente del Departamento de Ciencias de la Salud de la UTPL.<\/p>\n<p><img loading=\"lazy\" decoding=\"async\" class=\"alignnone wp-image-3529 size-large\" src=\"http:\/\/www.lodelmomentoloja.com\/wp-content\/uploads\/2021\/04\/1da6d919-29db-453e-8b54-87fa9c00cd5a-1024x362.jpg\" alt=\"\" width=\"640\" height=\"226\" srcset=\"https:\/\/www.lodelmomentoloja.com\/wp-content\/uploads\/2021\/04\/1da6d919-29db-453e-8b54-87fa9c00cd5a-1024x362.jpg 1024w, https:\/\/www.lodelmomentoloja.com\/wp-content\/uploads\/2021\/04\/1da6d919-29db-453e-8b54-87fa9c00cd5a-300x106.jpg 300w, https:\/\/www.lodelmomentoloja.com\/wp-content\/uploads\/2021\/04\/1da6d919-29db-453e-8b54-87fa9c00cd5a-768x271.jpg 768w, https:\/\/www.lodelmomentoloja.com\/wp-content\/uploads\/2021\/04\/1da6d919-29db-453e-8b54-87fa9c00cd5a-640x226.jpg 640w, https:\/\/www.lodelmomentoloja.com\/wp-content\/uploads\/2021\/04\/1da6d919-29db-453e-8b54-87fa9c00cd5a.jpg 1280w\" sizes=\"(max-width: 640px) 100vw, 640px\" \/><\/p>\n<p>La UTPL comprometida con la investigaci\u00f3n desde el sur del Ecuador, reafirma el trabajo colaborativo y articulado con instituciones de educaci\u00f3n superior y casas de salud para robustecer los resultados de investigaci\u00f3n y aportar a la sociedad a trav\u00e9s del conocimiento. Conocer y socializar esta informaci\u00f3n con las autoridades y la sociedad es importante para una correcta toma de decisiones y que la ciudadan\u00eda mantenga las medidas de bioseguridad para precautelar su salud.<\/p>\n<p>&nbsp;<\/p>\n","protected":false},"excerpt":{"rendered":"<p>Proyecto de investigaci\u00f3n de la UTPL analiza variantes circulantes de SARS-COV-2 en la Zona 7&#8230;<\/p>\n","protected":false},"author":1,"featured_media":3530,"comment_status":"open","ping_status":"open","sticky":false,"template":"","format":"standard","meta":{"footnotes":""},"categories":[7],"tags":[],"class_list":["post-3527","post","type-post","status-publish","format-standard","has-post-thumbnail","hentry","category-ecuador"],"_links":{"self":[{"href":"https:\/\/www.lodelmomentoloja.com\/index.php?rest_route=\/wp\/v2\/posts\/3527"}],"collection":[{"href":"https:\/\/www.lodelmomentoloja.com\/index.php?rest_route=\/wp\/v2\/posts"}],"about":[{"href":"https:\/\/www.lodelmomentoloja.com\/index.php?rest_route=\/wp\/v2\/types\/post"}],"author":[{"embeddable":true,"href":"https:\/\/www.lodelmomentoloja.com\/index.php?rest_route=\/wp\/v2\/users\/1"}],"replies":[{"embeddable":true,"href":"https:\/\/www.lodelmomentoloja.com\/index.php?rest_route=%2Fwp%2Fv2%2Fcomments&post=3527"}],"version-history":[{"count":1,"href":"https:\/\/www.lodelmomentoloja.com\/index.php?rest_route=\/wp\/v2\/posts\/3527\/revisions"}],"predecessor-version":[{"id":3531,"href":"https:\/\/www.lodelmomentoloja.com\/index.php?rest_route=\/wp\/v2\/posts\/3527\/revisions\/3531"}],"wp:featuredmedia":[{"embeddable":true,"href":"https:\/\/www.lodelmomentoloja.com\/index.php?rest_route=\/wp\/v2\/media\/3530"}],"wp:attachment":[{"href":"https:\/\/www.lodelmomentoloja.com\/index.php?rest_route=%2Fwp%2Fv2%2Fmedia&parent=3527"}],"wp:term":[{"taxonomy":"category","embeddable":true,"href":"https:\/\/www.lodelmomentoloja.com\/index.php?rest_route=%2Fwp%2Fv2%2Fcategories&post=3527"},{"taxonomy":"post_tag","embeddable":true,"href":"https:\/\/www.lodelmomentoloja.com\/index.php?rest_route=%2Fwp%2Fv2%2Ftags&post=3527"}],"curies":[{"name":"wp","href":"https:\/\/api.w.org\/{rel}","templated":true}]}}