{"id":3514,"date":"2021-04-13T07:00:24","date_gmt":"2021-04-13T07:00:24","guid":{"rendered":"http:\/\/www.lodelmomentoloja.com\/?p=3514"},"modified":"2021-04-13T12:47:11","modified_gmt":"2021-04-13T12:47:11","slug":"operativo-la-torre-deja-8-detenidos-incluido-contralor-s-celi","status":"publish","type":"post","link":"https:\/\/www.lodelmomentoloja.com\/?p=3514","title":{"rendered":"Operativo &#8220;La Torre&#8221; deja 8 detenidos, incluido Contralor (s) Celi."},"content":{"rendered":"<div class=\"kvgmc6g5 cxmmr5t8 oygrvhab hcukyx3x c1et5uql ii04i59q\">\n<div dir=\"auto\"><a class=\"oajrlxb2 g5ia77u1 qu0x051f esr5mh6w e9989ue4 r7d6kgcz rq0escxv nhd2j8a9 nc684nl6 p7hjln8o kvgmc6g5 cxmmr5t8 oygrvhab hcukyx3x jb3vyjys rz4wbd8a qt6c0cv9 a8nywdso i1ao9s8h esuyzwwr f1sip0of lzcic4wl q66pz984 gpro0wi8 b1v8xokw\" tabindex=\"0\" role=\"link\" href=\"https:\/\/www.facebook.com\/hashtag\/ecuador?__eep__=6&amp;__cft__[0]=AZXL9lbTtyQBlgI4BJPWmlPwdgbhjpeWXYRJlRpVLFPJg7twwZh-OAIuWOJt-l6Ug-C3eo1GEMboVsDPc0dQ-TUW_sKFd_hqRLShjtPqcQ00YidjBlo4mQsJh3il4lllsbn6VJMKP541Axw9BycVi-NjirIZQUux53_2JrFmASM4eWdIwFrxpjIpTyq4k7AFLoM&amp;__tn__=*NK-R\">Ecuador<\/a> | Operativo &#8220;La Torre&#8221; deja 8 detenidos.<\/div>\n<\/div>\n<div dir=\"auto\"><\/div>\n<div dir=\"auto\"><img loading=\"lazy\" decoding=\"async\" class=\"alignnone wp-image-3515 size-large\" src=\"http:\/\/www.lodelmomentoloja.com\/wp-content\/uploads\/2021\/04\/Ey1QUYMXMAAcPR2-1024x766.jpg\" alt=\"\" width=\"640\" height=\"479\" srcset=\"https:\/\/www.lodelmomentoloja.com\/wp-content\/uploads\/2021\/04\/Ey1QUYMXMAAcPR2-1024x766.jpg 1024w, https:\/\/www.lodelmomentoloja.com\/wp-content\/uploads\/2021\/04\/Ey1QUYMXMAAcPR2-300x224.jpg 300w, https:\/\/www.lodelmomentoloja.com\/wp-content\/uploads\/2021\/04\/Ey1QUYMXMAAcPR2-768x575.jpg 768w, https:\/\/www.lodelmomentoloja.com\/wp-content\/uploads\/2021\/04\/Ey1QUYMXMAAcPR2-640x479.jpg 640w, https:\/\/www.lodelmomentoloja.com\/wp-content\/uploads\/2021\/04\/Ey1QUYMXMAAcPR2.jpg 1160w\" sizes=\"(max-width: 640px) 100vw, 640px\" \/><\/div>\n<div class=\"o9v6fnle cxmmr5t8 oygrvhab hcukyx3x c1et5uql ii04i59q\">\n<div dir=\"auto\">La Fiscal\u00eda General del Estado (FGE) ejecut\u00f3 esta madrugada 25 allanamientos entre Quito y Guayaquil, en el marco de una investigaci\u00f3n abierta en junio del 2019 por el presunta delincuencia organizada y actos de corrupci\u00f3n en Petroecuador, la Secretar\u00eda General de Presidencia y Contralor\u00eda, en ella, levant\u00f3 una orden de detenci\u00f3n contra el Contralor General del Estado, Pablo Celi, el Exsecretario Jos\u00e9 A. B., exsecretario de Presidencia; y 4 personas liderados por la Fiscal General Diana Salazar, se levantan indicios relacionados con el delito investigado.<\/div>\n<div dir=\"auto\"><img loading=\"lazy\" decoding=\"async\" class=\"alignnone size-medium wp-image-3516\" src=\"http:\/\/www.lodelmomentoloja.com\/wp-content\/uploads\/2021\/04\/Ey1gswdXEAMTyMe-300x224.jpg\" alt=\"\" width=\"300\" height=\"224\" srcset=\"https:\/\/www.lodelmomentoloja.com\/wp-content\/uploads\/2021\/04\/Ey1gswdXEAMTyMe-300x224.jpg 300w, https:\/\/www.lodelmomentoloja.com\/wp-content\/uploads\/2021\/04\/Ey1gswdXEAMTyMe-1024x765.jpg 1024w, https:\/\/www.lodelmomentoloja.com\/wp-content\/uploads\/2021\/04\/Ey1gswdXEAMTyMe-768x574.jpg 768w, https:\/\/www.lodelmomentoloja.com\/wp-content\/uploads\/2021\/04\/Ey1gswdXEAMTyMe-640x478.jpg 640w, https:\/\/www.lodelmomentoloja.com\/wp-content\/uploads\/2021\/04\/Ey1gswdXEAMTyMe.jpg 1280w\" sizes=\"(max-width: 300px) 100vw, 300px\" \/> <img loading=\"lazy\" decoding=\"async\" class=\"alignnone size-medium wp-image-3517\" src=\"http:\/\/www.lodelmomentoloja.com\/wp-content\/uploads\/2021\/04\/Ey1QUYLWEAElfTt-300x225.jpg\" alt=\"\" width=\"300\" height=\"225\" srcset=\"https:\/\/www.lodelmomentoloja.com\/wp-content\/uploads\/2021\/04\/Ey1QUYLWEAElfTt-300x225.jpg 300w, https:\/\/www.lodelmomentoloja.com\/wp-content\/uploads\/2021\/04\/Ey1QUYLWEAElfTt-1024x768.jpg 1024w, https:\/\/www.lodelmomentoloja.com\/wp-content\/uploads\/2021\/04\/Ey1QUYLWEAElfTt-768x576.jpg 768w, https:\/\/www.lodelmomentoloja.com\/wp-content\/uploads\/2021\/04\/Ey1QUYLWEAElfTt-640x480.jpg 640w, https:\/\/www.lodelmomentoloja.com\/wp-content\/uploads\/2021\/04\/Ey1QUYLWEAElfTt.jpg 1080w\" sizes=\"(max-width: 300px) 100vw, 300px\" \/><\/div>\n<div dir=\"auto\"><\/div>\n<div dir=\"auto\"><\/div>\n<\/div>\n<div class=\"o9v6fnle cxmmr5t8 oygrvhab hcukyx3x c1et5uql ii04i59q\">\n<div dir=\"auto\">Luis Adolfo A. B., hermano del exsecretario de Presidencia, y Andr\u00e9s L. C. son detenidos en allanamientos ejecutados a 2 viviendas en Puerto Azul y a oficinas en Samborond\u00f3n. Se los investiga por presunta delincuencia organizada.<\/div>\n<\/div>\n<div dir=\"auto\"><img loading=\"lazy\" decoding=\"async\" class=\"alignnone wp-image-3518 size-large\" src=\"http:\/\/www.lodelmomentoloja.com\/wp-content\/uploads\/2021\/04\/Ey1mQ3PXMAAaAoQ-1024x564.jpg\" alt=\"\" width=\"640\" height=\"353\" srcset=\"https:\/\/www.lodelmomentoloja.com\/wp-content\/uploads\/2021\/04\/Ey1mQ3PXMAAaAoQ-1024x564.jpg 1024w, https:\/\/www.lodelmomentoloja.com\/wp-content\/uploads\/2021\/04\/Ey1mQ3PXMAAaAoQ-300x165.jpg 300w, https:\/\/www.lodelmomentoloja.com\/wp-content\/uploads\/2021\/04\/Ey1mQ3PXMAAaAoQ-768x423.jpg 768w, https:\/\/www.lodelmomentoloja.com\/wp-content\/uploads\/2021\/04\/Ey1mQ3PXMAAaAoQ-640x353.jpg 640w, https:\/\/www.lodelmomentoloja.com\/wp-content\/uploads\/2021\/04\/Ey1mQ3PXMAAaAoQ.jpg 1080w\" sizes=\"(max-width: 640px) 100vw, 640px\" \/><\/div>\n<div class=\"o9v6fnle cxmmr5t8 oygrvhab hcukyx3x c1et5uql ii04i59q\">\n<div dir=\"auto\"><\/div>\n<\/div>\n<div class=\"o9v6fnle cxmmr5t8 oygrvhab hcukyx3x c1et5uql ii04i59q\">\n<div dir=\"auto\">En el operativo participan unos 25 equipos fiscales, en coordinaci\u00f3n con unidades de Polic\u00eda Nacional. Entre los indicios levantados se incluyen documentos, dispositivos electr\u00f3nicos, informaci\u00f3n financiera, computadoras, celulares, dinero, cajas fuertes y m\u00e1s.<\/div>\n<div dir=\"auto\"><img loading=\"lazy\" decoding=\"async\" class=\"alignnone size-medium wp-image-3521\" src=\"http:\/\/www.lodelmomentoloja.com\/wp-content\/uploads\/2021\/04\/Ey1xpV9WUAUzEO0-225x300.jpg\" alt=\"\" width=\"225\" height=\"300\" srcset=\"https:\/\/www.lodelmomentoloja.com\/wp-content\/uploads\/2021\/04\/Ey1xpV9WUAUzEO0-225x300.jpg 225w, https:\/\/www.lodelmomentoloja.com\/wp-content\/uploads\/2021\/04\/Ey1xpV9WUAUzEO0-640x853.jpg 640w, https:\/\/www.lodelmomentoloja.com\/wp-content\/uploads\/2021\/04\/Ey1xpV9WUAUzEO0.jpg 768w\" sizes=\"(max-width: 225px) 100vw, 225px\" \/><img loading=\"lazy\" decoding=\"async\" class=\"alignnone size-medium wp-image-3519\" src=\"http:\/\/www.lodelmomentoloja.com\/wp-content\/uploads\/2021\/04\/Ey1xpV6W8AA7uH4-300x225.jpg\" alt=\"\" width=\"300\" height=\"225\" srcset=\"https:\/\/www.lodelmomentoloja.com\/wp-content\/uploads\/2021\/04\/Ey1xpV6W8AA7uH4-300x225.jpg 300w, https:\/\/www.lodelmomentoloja.com\/wp-content\/uploads\/2021\/04\/Ey1xpV6W8AA7uH4-640x479.jpg 640w, https:\/\/www.lodelmomentoloja.com\/wp-content\/uploads\/2021\/04\/Ey1xpV6W8AA7uH4.jpg 720w\" sizes=\"(max-width: 300px) 100vw, 300px\" \/> <img loading=\"lazy\" decoding=\"async\" class=\"alignnone size-medium wp-image-3520\" src=\"http:\/\/www.lodelmomentoloja.com\/wp-content\/uploads\/2021\/04\/Ey1xpV6WEAYQQk1-300x225.jpg\" alt=\"\" width=\"300\" height=\"225\" srcset=\"https:\/\/www.lodelmomentoloja.com\/wp-content\/uploads\/2021\/04\/Ey1xpV6WEAYQQk1-300x225.jpg 300w, https:\/\/www.lodelmomentoloja.com\/wp-content\/uploads\/2021\/04\/Ey1xpV6WEAYQQk1-768x576.jpg 768w, https:\/\/www.lodelmomentoloja.com\/wp-content\/uploads\/2021\/04\/Ey1xpV6WEAYQQk1-640x480.jpg 640w, https:\/\/www.lodelmomentoloja.com\/wp-content\/uploads\/2021\/04\/Ey1xpV6WEAYQQk1.jpg 1024w\" sizes=\"(max-width: 300px) 100vw, 300px\" \/><\/div>\n<div dir=\"auto\"><\/div>\n<\/div>\n<div class=\"o9v6fnle cxmmr5t8 oygrvhab hcukyx3x c1et5uql ii04i59q\">\n<div dir=\"auto\">Adem\u00e1s, allanaron las oficinas de Esteban C., hermano del Contralor Pablo C.; y, de Natalia C., Exasesora del exgerente de Petroecuador, Pablo F. Se incautaron computadores, celulares, documentos y 32.580 d\u00f3lares en efectivo.<\/div>\n<div dir=\"auto\"><img loading=\"lazy\" decoding=\"async\" class=\"alignnone size-medium wp-image-3523\" src=\"http:\/\/www.lodelmomentoloja.com\/wp-content\/uploads\/2021\/04\/Ey2DolBXAAYx_x_-300x225.jpg\" alt=\"\" width=\"300\" height=\"225\" srcset=\"https:\/\/www.lodelmomentoloja.com\/wp-content\/uploads\/2021\/04\/Ey2DolBXAAYx_x_-300x225.jpg 300w, https:\/\/www.lodelmomentoloja.com\/wp-content\/uploads\/2021\/04\/Ey2DolBXAAYx_x_-1024x768.jpg 1024w, https:\/\/www.lodelmomentoloja.com\/wp-content\/uploads\/2021\/04\/Ey2DolBXAAYx_x_-768x576.jpg 768w, https:\/\/www.lodelmomentoloja.com\/wp-content\/uploads\/2021\/04\/Ey2DolBXAAYx_x_-640x480.jpg 640w, https:\/\/www.lodelmomentoloja.com\/wp-content\/uploads\/2021\/04\/Ey2DolBXAAYx_x_.jpg 1152w\" sizes=\"(max-width: 300px) 100vw, 300px\" \/> <img loading=\"lazy\" decoding=\"async\" class=\"alignnone size-medium wp-image-3524\" src=\"http:\/\/www.lodelmomentoloja.com\/wp-content\/uploads\/2021\/04\/Ey2DoWrXIAE_IX6-300x229.jpg\" alt=\"\" width=\"300\" height=\"229\" srcset=\"https:\/\/www.lodelmomentoloja.com\/wp-content\/uploads\/2021\/04\/Ey2DoWrXIAE_IX6-300x229.jpg 300w, https:\/\/www.lodelmomentoloja.com\/wp-content\/uploads\/2021\/04\/Ey2DoWrXIAE_IX6-768x587.jpg 768w, https:\/\/www.lodelmomentoloja.com\/wp-content\/uploads\/2021\/04\/Ey2DoWrXIAE_IX6-640x489.jpg 640w, https:\/\/www.lodelmomentoloja.com\/wp-content\/uploads\/2021\/04\/Ey2DoWrXIAE_IX6.jpg 911w\" sizes=\"(max-width: 300px) 100vw, 300px\" \/><\/div>\n<div dir=\"auto\"><\/div>\n<\/div>\n<div class=\"o9v6fnle cxmmr5t8 oygrvhab hcukyx3x c1et5uql ii04i59q\">\n<div dir=\"auto\">En total, ocho personas relacionadas al caso denominado Las Torres est\u00e1n detenidas.<\/div>\n<\/div>\n<div dir=\"auto\"><\/div>\n<div dir=\"auto\"><\/div>\n<div dir=\"auto\">Fuente: Fiscal\u00eda General del Estado.<\/div>\n","protected":false},"excerpt":{"rendered":"<p>Ecuador | Operativo &#8220;La Torre&#8221; deja 8 detenidos. La Fiscal\u00eda General del Estado (FGE) ejecut\u00f3&#8230;<\/p>\n","protected":false},"author":1,"featured_media":3526,"comment_status":"open","ping_status":"open","sticky":false,"template":"","format":"standard","meta":{"footnotes":""},"categories":[7,1],"tags":[],"class_list":["post-3514","post","type-post","status-publish","format-standard","has-post-thumbnail","hentry","category-ecuador","category-inicio"],"_links":{"self":[{"href":"https:\/\/www.lodelmomentoloja.com\/index.php?rest_route=\/wp\/v2\/posts\/3514"}],"collection":[{"href":"https:\/\/www.lodelmomentoloja.com\/index.php?rest_route=\/wp\/v2\/posts"}],"about":[{"href":"https:\/\/www.lodelmomentoloja.com\/index.php?rest_route=\/wp\/v2\/types\/post"}],"author":[{"embeddable":true,"href":"https:\/\/www.lodelmomentoloja.com\/index.php?rest_route=\/wp\/v2\/users\/1"}],"replies":[{"embeddable":true,"href":"https:\/\/www.lodelmomentoloja.com\/index.php?rest_route=%2Fwp%2Fv2%2Fcomments&post=3514"}],"version-history":[{"count":1,"href":"https:\/\/www.lodelmomentoloja.com\/index.php?rest_route=\/wp\/v2\/posts\/3514\/revisions"}],"predecessor-version":[{"id":3525,"href":"https:\/\/www.lodelmomentoloja.com\/index.php?rest_route=\/wp\/v2\/posts\/3514\/revisions\/3525"}],"wp:featuredmedia":[{"embeddable":true,"href":"https:\/\/www.lodelmomentoloja.com\/index.php?rest_route=\/wp\/v2\/media\/3526"}],"wp:attachment":[{"href":"https:\/\/www.lodelmomentoloja.com\/index.php?rest_route=%2Fwp%2Fv2%2Fmedia&parent=3514"}],"wp:term":[{"taxonomy":"category","embeddable":true,"href":"https:\/\/www.lodelmomentoloja.com\/index.php?rest_route=%2Fwp%2Fv2%2Fcategories&post=3514"},{"taxonomy":"post_tag","embeddable":true,"href":"https:\/\/www.lodelmomentoloja.com\/index.php?rest_route=%2Fwp%2Fv2%2Ftags&post=3514"}],"curies":[{"name":"wp","href":"https:\/\/api.w.org\/{rel}","templated":true}]}}