{"id":3464,"date":"2021-04-07T20:20:56","date_gmt":"2021-04-07T20:20:56","guid":{"rendered":"http:\/\/www.lodelmomentoloja.com\/?p=3464"},"modified":"2021-04-08T01:29:55","modified_gmt":"2021-04-08T01:29:55","slug":"ministro-de-salud-renuncia-al-cargo","status":"publish","type":"post","link":"https:\/\/www.lodelmomentoloja.com\/?p=3464","title":{"rendered":"Ministro de salud renuncia al cargo"},"content":{"rendered":"<p>#Nacional | Ministro Falcon\u00ed renuncia al cargo.<\/p>\n<p>Renuncia el ministro de Salud, Mauro Falcon\u00ed, el tercero frente al plan de vacunaci\u00f3n en tirar la toalla. Lo hace luego de impasses con la vicepresidenta Mar\u00eda Alejandra Mu\u00f1oz.<\/p>\n<p>Jorge Wated inform\u00f3 en sus redes lo siguiente: \u201cLo que pas\u00f3 hoy en la ciudad de Quito es inaceptable! A momentos duros soluciones duras&#8230;se ha solicitado la renuncia al Ministro de Salud y ser\u00e1 sustituido por Camilo Salinas.<\/p>\n<p>Cabe se\u00f1alar que Camilo Salinas, ex gobernador de Los R\u00edos y tiene carnet de discapacidad con el 41%.<\/p>\n<p>www.lodelmomentoloja.com<br \/>\n#LDMnoticias #lodelmomentolojaLDM<\/p>\n","protected":false},"excerpt":{"rendered":"<p>#Nacional | Ministro Falcon\u00ed renuncia al cargo. Renuncia el ministro de Salud, Mauro Falcon\u00ed, el&#8230;<\/p>\n","protected":false},"author":1,"featured_media":3465,"comment_status":"open","ping_status":"open","sticky":false,"template":"","format":"standard","meta":{"footnotes":""},"categories":[1],"tags":[],"class_list":["post-3464","post","type-post","status-publish","format-standard","has-post-thumbnail","hentry","category-inicio"],"_links":{"self":[{"href":"https:\/\/www.lodelmomentoloja.com\/index.php?rest_route=\/wp\/v2\/posts\/3464"}],"collection":[{"href":"https:\/\/www.lodelmomentoloja.com\/index.php?rest_route=\/wp\/v2\/posts"}],"about":[{"href":"https:\/\/www.lodelmomentoloja.com\/index.php?rest_route=\/wp\/v2\/types\/post"}],"author":[{"embeddable":true,"href":"https:\/\/www.lodelmomentoloja.com\/index.php?rest_route=\/wp\/v2\/users\/1"}],"replies":[{"embeddable":true,"href":"https:\/\/www.lodelmomentoloja.com\/index.php?rest_route=%2Fwp%2Fv2%2Fcomments&post=3464"}],"version-history":[{"count":1,"href":"https:\/\/www.lodelmomentoloja.com\/index.php?rest_route=\/wp\/v2\/posts\/3464\/revisions"}],"predecessor-version":[{"id":3466,"href":"https:\/\/www.lodelmomentoloja.com\/index.php?rest_route=\/wp\/v2\/posts\/3464\/revisions\/3466"}],"wp:featuredmedia":[{"embeddable":true,"href":"https:\/\/www.lodelmomentoloja.com\/index.php?rest_route=\/wp\/v2\/media\/3465"}],"wp:attachment":[{"href":"https:\/\/www.lodelmomentoloja.com\/index.php?rest_route=%2Fwp%2Fv2%2Fmedia&parent=3464"}],"wp:term":[{"taxonomy":"category","embeddable":true,"href":"https:\/\/www.lodelmomentoloja.com\/index.php?rest_route=%2Fwp%2Fv2%2Fcategories&post=3464"},{"taxonomy":"post_tag","embeddable":true,"href":"https:\/\/www.lodelmomentoloja.com\/index.php?rest_route=%2Fwp%2Fv2%2Ftags&post=3464"}],"curies":[{"name":"wp","href":"https:\/\/api.w.org\/{rel}","templated":true}]}}