{"id":3460,"date":"2021-04-07T16:30:45","date_gmt":"2021-04-07T16:30:45","guid":{"rendered":"http:\/\/www.lodelmomentoloja.com\/?p=3460"},"modified":"2021-04-07T21:44:36","modified_gmt":"2021-04-07T21:44:36","slug":"estado-de-excepcion-en-ecuador-culminaria-el-9-de-abril","status":"publish","type":"post","link":"https:\/\/www.lodelmomentoloja.com\/?p=3460","title":{"rendered":"Estado de excepci\u00f3n en Ecuador culminar\u00eda el 9 de Abril"},"content":{"rendered":"<p>#Ecuador | Estado de excepci\u00f3n regir\u00e1 hasta el 9 de abril en ocho provincias del Ecuador.<\/p>\n<p>El Pleno de la Corte Constitucional declar\u00f3 la constitucionalidad parcial del Decreto Ejecutivo 1282, sin embargo considera que es inconstitucional extender la duraci\u00f3n del estado de excepci\u00f3n por 30 d\u00edas, como establece el decreto firmado por Moreno, y que las medidas adoptadas por el Ejecutivo se justifican solamente hasta la media noche del 9 de abril.<\/p>\n<p>Tampoco est\u00e1 de acuerdo en que se establezca que es el Comit\u00e9 de Operaciones de Emergencia (COE) Nacional el que puede extender la temporalidad del toque de queda dependiendo de la evoluci\u00f3n de contagio en Pichincha, Guayas, Manab\u00ed, Azuay, Loja, Santo Domingo, El Oro y Esmeraldas.<\/p>\n<p>La CC insta al presidente Moreno que adopte medidas coordinadas y oportunas para enfrentar la pandemia de la COVID-19, procurando que sean difundidas a los ciudadanos con la anticipaci\u00f3n suficiente para evitar contradicciones y confusiones por las resoluciones que toman los COE cantonales.<\/p>\n<p>www.lodelmomentoloja.com<br \/>\n#LDMnoticias #lodelmomentolojaLDM<\/p>\n","protected":false},"excerpt":{"rendered":"<p>#Ecuador | Estado de excepci\u00f3n regir\u00e1 hasta el 9 de abril en ocho provincias del&#8230;<\/p>\n","protected":false},"author":1,"featured_media":3461,"comment_status":"open","ping_status":"open","sticky":false,"template":"","format":"standard","meta":{"footnotes":""},"categories":[1],"tags":[],"class_list":["post-3460","post","type-post","status-publish","format-standard","has-post-thumbnail","hentry","category-inicio"],"_links":{"self":[{"href":"https:\/\/www.lodelmomentoloja.com\/index.php?rest_route=\/wp\/v2\/posts\/3460"}],"collection":[{"href":"https:\/\/www.lodelmomentoloja.com\/index.php?rest_route=\/wp\/v2\/posts"}],"about":[{"href":"https:\/\/www.lodelmomentoloja.com\/index.php?rest_route=\/wp\/v2\/types\/post"}],"author":[{"embeddable":true,"href":"https:\/\/www.lodelmomentoloja.com\/index.php?rest_route=\/wp\/v2\/users\/1"}],"replies":[{"embeddable":true,"href":"https:\/\/www.lodelmomentoloja.com\/index.php?rest_route=%2Fwp%2Fv2%2Fcomments&post=3460"}],"version-history":[{"count":1,"href":"https:\/\/www.lodelmomentoloja.com\/index.php?rest_route=\/wp\/v2\/posts\/3460\/revisions"}],"predecessor-version":[{"id":3462,"href":"https:\/\/www.lodelmomentoloja.com\/index.php?rest_route=\/wp\/v2\/posts\/3460\/revisions\/3462"}],"wp:featuredmedia":[{"embeddable":true,"href":"https:\/\/www.lodelmomentoloja.com\/index.php?rest_route=\/wp\/v2\/media\/3461"}],"wp:attachment":[{"href":"https:\/\/www.lodelmomentoloja.com\/index.php?rest_route=%2Fwp%2Fv2%2Fmedia&parent=3460"}],"wp:term":[{"taxonomy":"category","embeddable":true,"href":"https:\/\/www.lodelmomentoloja.com\/index.php?rest_route=%2Fwp%2Fv2%2Fcategories&post=3460"},{"taxonomy":"post_tag","embeddable":true,"href":"https:\/\/www.lodelmomentoloja.com\/index.php?rest_route=%2Fwp%2Fv2%2Ftags&post=3460"}],"curies":[{"name":"wp","href":"https:\/\/api.w.org\/{rel}","templated":true}]}}