{"id":341,"date":"2020-10-21T10:00:27","date_gmt":"2020-10-21T10:00:27","guid":{"rendered":"http:\/\/www.lodelmomentoloja.com\/?p=341"},"modified":"2020-11-10T00:48:19","modified_gmt":"2020-11-10T00:48:19","slug":"no-califican-a-los-candidatos-de-unes-en-loja","status":"publish","type":"post","link":"https:\/\/www.lodelmomentoloja.com\/?p=341","title":{"rendered":"No califican a los candidatos de UNES en Loja."},"content":{"rendered":"\n<figure class=\"wp-block-image\"><img decoding=\"async\" src=\"https:\/\/scontent.floh1-1.fna.fbcdn.net\/v\/t1.0-9\/122432654_832892334147525_3661033934300903104_o.jpg?_nc_cat=100&amp;ccb=2&amp;_nc_sid=730e14&amp;_nc_ohc=fvpt-iTUf3EAX_JEVJ8&amp;_nc_ht=scontent.floh1-1.fna&amp;oh=b7f49362e1c4d7488cc91a6d1b8bc135&amp;oe=5FCF1FAE\" alt=\"\"\/><\/figure>\n\n\n\n<p>JPEL no califica la lista de Johanna Ortiz.<\/p>\n\n\n\n<p>La Junta Provincial Electoral de Loja, resolvi\u00f3 no calificar a los candidatos de la Alianza UNES, por inconsistencias en la documentaci\u00f3n presentada al momento de la inscripci\u00f3n de los candidatos. Lista liderada por la ex Gobernadora de Loja, Johanna Ortiz.<\/p>\n\n\n\n<p>Leonardo Le\u00f3n, presidente de la JPEL, mencion\u00f3 que; la Junta no califica la lista debido al informe t\u00e9cnico que evidencia inconsistencias de la documentaci\u00f3n presentada, al no justificar si uno de los candidatos particip\u00f3 en elecciones primarias pese a que ten\u00edan plazo para subsanar, no lograron justificar &#8220;ese vac\u00edo&#8221;. Raz\u00f3n principal para que la Junta Provincial de Loja, negar\u00e1 su calificaci\u00f3n.<\/p>\n\n\n\n<p>La resoluci\u00f3n ser\u00e1 enviada al partido pol\u00edtico para que tenga conocimiento. Posterior a ello, podr\u00e1n interponer el recurso de impugnaci\u00f3n v\u00eda administrativa al CNE, en un marco de 48 horas, luego de haber recibido la notificaci\u00f3n, si no utilizan ese tiempo, quedar\u00e1 en firme la resoluci\u00f3n. <\/p>\n","protected":false},"excerpt":{"rendered":"<p>JPEL no califica la lista de Johanna Ortiz. La Junta Provincial Electoral de Loja, resolvi\u00f3&#8230;<\/p>\n","protected":false},"author":1,"featured_media":342,"comment_status":"open","ping_status":"open","sticky":false,"template":"","format":"standard","meta":{"footnotes":""},"categories":[7,1,5],"tags":[],"class_list":["post-341","post","type-post","status-publish","format-standard","has-post-thumbnail","hentry","category-ecuador","category-inicio","category-loja"],"_links":{"self":[{"href":"https:\/\/www.lodelmomentoloja.com\/index.php?rest_route=\/wp\/v2\/posts\/341"}],"collection":[{"href":"https:\/\/www.lodelmomentoloja.com\/index.php?rest_route=\/wp\/v2\/posts"}],"about":[{"href":"https:\/\/www.lodelmomentoloja.com\/index.php?rest_route=\/wp\/v2\/types\/post"}],"author":[{"embeddable":true,"href":"https:\/\/www.lodelmomentoloja.com\/index.php?rest_route=\/wp\/v2\/users\/1"}],"replies":[{"embeddable":true,"href":"https:\/\/www.lodelmomentoloja.com\/index.php?rest_route=%2Fwp%2Fv2%2Fcomments&post=341"}],"version-history":[{"count":1,"href":"https:\/\/www.lodelmomentoloja.com\/index.php?rest_route=\/wp\/v2\/posts\/341\/revisions"}],"predecessor-version":[{"id":343,"href":"https:\/\/www.lodelmomentoloja.com\/index.php?rest_route=\/wp\/v2\/posts\/341\/revisions\/343"}],"wp:featuredmedia":[{"embeddable":true,"href":"https:\/\/www.lodelmomentoloja.com\/index.php?rest_route=\/wp\/v2\/media\/342"}],"wp:attachment":[{"href":"https:\/\/www.lodelmomentoloja.com\/index.php?rest_route=%2Fwp%2Fv2%2Fmedia&parent=341"}],"wp:term":[{"taxonomy":"category","embeddable":true,"href":"https:\/\/www.lodelmomentoloja.com\/index.php?rest_route=%2Fwp%2Fv2%2Fcategories&post=341"},{"taxonomy":"post_tag","embeddable":true,"href":"https:\/\/www.lodelmomentoloja.com\/index.php?rest_route=%2Fwp%2Fv2%2Ftags&post=341"}],"curies":[{"name":"wp","href":"https:\/\/api.w.org\/{rel}","templated":true}]}}