{"id":3337,"date":"2021-03-31T11:00:35","date_gmt":"2021-03-31T11:00:35","guid":{"rendered":"http:\/\/www.lodelmomentoloja.com\/?p=3337"},"modified":"2021-03-31T16:03:34","modified_gmt":"2021-03-31T16:03:34","slug":"aprogfolk-estreno-musical","status":"publish","type":"post","link":"https:\/\/www.lodelmomentoloja.com\/?p=3337","title":{"rendered":"&#8216;Aprogfolk&#8217; estreno musical"},"content":{"rendered":"<p>#Loja | Estreno musical &#8216;Aprogfolk&#8217;<\/p>\n<p>El core\u00f3grafo de Aprogfolk, Wilson Armijos, resalt\u00f3 que este proyecto ser\u00e1 dedicado al mes de la mujer, y en los meses siguientes, realizar\u00e1n muchos proyectos en contribuci\u00f3n y amor a nuestro folklor ecuatoriano. A la vez estrechando lazos de amistad y hermandad.<\/p>\n<p>Esta pre-asociaci\u00f3n provincial de grupos flocloristas naci\u00f3 el 9 de mayo, en la ciudad de Loja con la participaci\u00f3n de diversos gestores culturales de la provincia de Loja a partir del inter\u00e9s de un grupo de personas por desarrollar y cultivar actividades art\u00edsticas y culturales en la comunidad.<\/p>\n<p>La pre-asociaci\u00f3n folcl\u00f3rica se ha consolidado con la intervenci\u00f3n de grupos danc\u00edsticos a nivel local y provincial, cuenta con la participaci\u00f3n de 16 grupos folcl\u00f3ricos, mismo que se encuentran a cargo de la formaci\u00f3n de bailarinas y bailarines: adultos, j\u00f3venes y ni\u00f1os de diversas edades.<\/p>\n<p>Los grupos que se encuentran dentro de esta pre-asociaci\u00f3n son:<br \/>\n1. Grupo de Danza Nacional \u201cSUE\u00d1OS FRONTERIZOS CANT\u00d3N MACAR\u00c1\u201d<br \/>\n2. Grupo Nacional de Danza Folkl\u00f3rica \u201cJATUM MAMA MAR\u00cdA \u2013 LOJA.<br \/>\n3. Ballet Folkl\u00f3rico Nacional \u201cLOS CURIMANGAS\u201d CARIAMANGA<br \/>\n4. Ballet Folkl\u00f3rico Nacional \u201cSUMACK LLACTA\u201d \u2013 LOJA<br \/>\n5. \u201cINTI KILLA RAYMI Danza Popular\u201d \u2013 LOJA<br \/>\n6. Ballet Folkl\u00f3rico Nacional \u201cINTILLACTA LOJA\u201d y Director del Grupo de Proyecci\u00f3n Folkl\u00f2rika \u201c\u00d1UKANCHI ECUADOR VILCABAMBA\u201d.<br \/>\n7. Grupo de Danza Folkl\u00f3rica \u201cLLANKAYCUNA de la ciudad de LOJA\u201d<br \/>\n8. Ballet Nacional \u201cPAKARINA \u00d1AN\u201d<br \/>\n9. Grupo de Danza IPSIS \u2013 DANZAS ANDINAS. \u2013 LOJA<br \/>\n10. Grupo de Danza Ballet Folkl\u00f3rico Sin L\u00edmites<br \/>\n11. Ballet Folkl\u00f3rico \u201cPACHAMAMA\u201d de la ciudad de LOJA<br \/>\n12. Colectivo LOJARTE &#8211; LOJA<br \/>\n13. Grupo de Proyecci\u00f3n Danc\u00edstica del Instituto Superior de Cariamanga \u201cTUNAY CUNA\u201d<br \/>\n14. Ballet Folkl\u00f3rico \u201cPACHAMAMA\u201d de la Ciudad De Loja-Ecuador<br \/>\n15. Ballet Art\u00edstico \u201cYO SOY LATINO INTERNACIONAL\u201d del Cant\u00f3n Esp\u00edndola.<br \/>\n16. Ballet Folkl\u00f3rico \u201cINTI\u00d1AN\u201d \u2013 LOJA.<\/p>\n<p>www.lodelmomentoloja.com<br \/>\n#LDMnoticias #lodelmomentolojaLDM<\/p>\n","protected":false},"excerpt":{"rendered":"<p>#Loja | Estreno musical &#8216;Aprogfolk&#8217; El core\u00f3grafo de Aprogfolk, Wilson Armijos, resalt\u00f3 que este proyecto&#8230;<\/p>\n","protected":false},"author":1,"featured_media":3338,"comment_status":"open","ping_status":"open","sticky":false,"template":"","format":"standard","meta":{"footnotes":""},"categories":[1],"tags":[],"class_list":["post-3337","post","type-post","status-publish","format-standard","has-post-thumbnail","hentry","category-inicio"],"_links":{"self":[{"href":"https:\/\/www.lodelmomentoloja.com\/index.php?rest_route=\/wp\/v2\/posts\/3337"}],"collection":[{"href":"https:\/\/www.lodelmomentoloja.com\/index.php?rest_route=\/wp\/v2\/posts"}],"about":[{"href":"https:\/\/www.lodelmomentoloja.com\/index.php?rest_route=\/wp\/v2\/types\/post"}],"author":[{"embeddable":true,"href":"https:\/\/www.lodelmomentoloja.com\/index.php?rest_route=\/wp\/v2\/users\/1"}],"replies":[{"embeddable":true,"href":"https:\/\/www.lodelmomentoloja.com\/index.php?rest_route=%2Fwp%2Fv2%2Fcomments&post=3337"}],"version-history":[{"count":1,"href":"https:\/\/www.lodelmomentoloja.com\/index.php?rest_route=\/wp\/v2\/posts\/3337\/revisions"}],"predecessor-version":[{"id":3339,"href":"https:\/\/www.lodelmomentoloja.com\/index.php?rest_route=\/wp\/v2\/posts\/3337\/revisions\/3339"}],"wp:featuredmedia":[{"embeddable":true,"href":"https:\/\/www.lodelmomentoloja.com\/index.php?rest_route=\/wp\/v2\/media\/3338"}],"wp:attachment":[{"href":"https:\/\/www.lodelmomentoloja.com\/index.php?rest_route=%2Fwp%2Fv2%2Fmedia&parent=3337"}],"wp:term":[{"taxonomy":"category","embeddable":true,"href":"https:\/\/www.lodelmomentoloja.com\/index.php?rest_route=%2Fwp%2Fv2%2Fcategories&post=3337"},{"taxonomy":"post_tag","embeddable":true,"href":"https:\/\/www.lodelmomentoloja.com\/index.php?rest_route=%2Fwp%2Fv2%2Ftags&post=3337"}],"curies":[{"name":"wp","href":"https:\/\/api.w.org\/{rel}","templated":true}]}}