{"id":3327,"date":"2021-03-30T20:29:19","date_gmt":"2021-03-30T20:29:19","guid":{"rendered":"http:\/\/www.lodelmomentoloja.com\/?p=3327"},"modified":"2021-03-30T20:29:19","modified_gmt":"2021-03-30T20:29:19","slug":"3327","status":"publish","type":"post","link":"https:\/\/www.lodelmomentoloja.com\/?p=3327","title":{"rendered":""},"content":{"rendered":"<p>#Loja | Calvas pasa a sem\u00e1foro rojo.<\/p>\n<p>Tras conocer el informe emitido por la Mesa T\u00e9cnica Nro. 2 (Salud) en sesi\u00f3n cumplida este martes 30 de marzo de 2021, el COE Cantonal de Calvas<br \/>\nResolvi\u00f3:<\/p>\n<p>1. Prohibir el funcionamiento de canchas deportivas p\u00fablicas y privadas.<\/p>\n<p>2. Prohibir la venta de bebidas alcoh\u00f3licas en centros comerciales, tiendas, multiservicios, estos locales. funcionaran hasta las 22h00.<\/p>\n<p>3. Prohibir el funcionamiento de licoreras.<\/p>\n<p>4. Prohibir la apertura de Iglesias. Procesiones y toda actividad que genera aglomeraci\u00f3n de personas, los actos lit\u00fargicos por \u201cSemana Santa\u201d se los podr\u00e1 realizar de forma virtual.<\/p>\n<p>5. Prohibir la realizaci\u00f3n de eventos de concentraci\u00f3n masiva de personas en espacios p\u00fablicos y privados.<\/p>\n<p>6. Reforzar los controles de tr\u00e1nsito vehicular desde las 22h00 hasta las 05h00.<\/p>\n<p>7. Recomendar a la ciudadan\u00eda en general de no realizar reuniones familiares y sociales.<\/p>\n<p>8. Los velatorios se los realizara en la intimidad familiar, m\u00e1ximo 24horas.<\/p>\n<p>9. Los restaurantes funcionaran con un aforo m\u00e1ximo del 50% cumpliendo con todas las normas de bioseguridad hasta las 20h00 y no podran expender bebidas alcoh\u00f3licas.<\/p>\n<p>10. Prohibir la apertura de balnearios y gimnasios.<\/p>\n<p>11. Prohibir la realizaci\u00f3n de feria libre, desarrollada en las instalaciones de LDCC.<\/p>\n<p>12. Exhortar a la banca p\u00fablica y privada a normar la concurrencia de ciudadanos en sus instituciones.<\/p>\n<p>La medida rige desde el d\u00eda martes 30 de marzo de 2021 hasta nueva disposici\u00f3n de COE Cantonal.<\/p>\n<p>www.lodelmomentoloja.com<br \/>\n#LDMnoticias #lodelmomentolojaLDM<\/p>\n","protected":false},"excerpt":{"rendered":"<p>#Loja | Calvas pasa a sem\u00e1foro rojo. Tras conocer el informe emitido por la Mesa&#8230;<\/p>\n","protected":false},"author":1,"featured_media":3328,"comment_status":"open","ping_status":"open","sticky":false,"template":"","format":"standard","meta":{"footnotes":""},"categories":[1],"tags":[],"class_list":["post-3327","post","type-post","status-publish","format-standard","has-post-thumbnail","hentry","category-inicio"],"_links":{"self":[{"href":"https:\/\/www.lodelmomentoloja.com\/index.php?rest_route=\/wp\/v2\/posts\/3327"}],"collection":[{"href":"https:\/\/www.lodelmomentoloja.com\/index.php?rest_route=\/wp\/v2\/posts"}],"about":[{"href":"https:\/\/www.lodelmomentoloja.com\/index.php?rest_route=\/wp\/v2\/types\/post"}],"author":[{"embeddable":true,"href":"https:\/\/www.lodelmomentoloja.com\/index.php?rest_route=\/wp\/v2\/users\/1"}],"replies":[{"embeddable":true,"href":"https:\/\/www.lodelmomentoloja.com\/index.php?rest_route=%2Fwp%2Fv2%2Fcomments&post=3327"}],"version-history":[{"count":1,"href":"https:\/\/www.lodelmomentoloja.com\/index.php?rest_route=\/wp\/v2\/posts\/3327\/revisions"}],"predecessor-version":[{"id":3329,"href":"https:\/\/www.lodelmomentoloja.com\/index.php?rest_route=\/wp\/v2\/posts\/3327\/revisions\/3329"}],"wp:featuredmedia":[{"embeddable":true,"href":"https:\/\/www.lodelmomentoloja.com\/index.php?rest_route=\/wp\/v2\/media\/3328"}],"wp:attachment":[{"href":"https:\/\/www.lodelmomentoloja.com\/index.php?rest_route=%2Fwp%2Fv2%2Fmedia&parent=3327"}],"wp:term":[{"taxonomy":"category","embeddable":true,"href":"https:\/\/www.lodelmomentoloja.com\/index.php?rest_route=%2Fwp%2Fv2%2Fcategories&post=3327"},{"taxonomy":"post_tag","embeddable":true,"href":"https:\/\/www.lodelmomentoloja.com\/index.php?rest_route=%2Fwp%2Fv2%2Ftags&post=3327"}],"curies":[{"name":"wp","href":"https:\/\/api.w.org\/{rel}","templated":true}]}}