{"id":3311,"date":"2021-03-30T09:00:23","date_gmt":"2021-03-30T09:00:23","guid":{"rendered":"http:\/\/www.lodelmomentoloja.com\/?p=3311"},"modified":"2021-03-30T16:10:40","modified_gmt":"2021-03-30T16:10:40","slug":"celica-en-semaforo-rojo","status":"publish","type":"post","link":"https:\/\/www.lodelmomentoloja.com\/?p=3311","title":{"rendered":"Celica en Sem\u00e1foro Rojo"},"content":{"rendered":"<p>#Loj | El cant\u00f3n Celica pasa a sem\u00e1foro rojo.<\/p>\n<p>El COE del cant\u00f3n Celica, en sesi\u00f3n de este 29 de marzo de 2021 resolvi\u00f3:<\/p>\n<p>1. Declarar a Celica en Sem\u00e1foro Rojo con sus respectivas restricciones, desde el 30 de marzo del 2021 hasta una nueva evaluaci\u00f3n del COE Cantonal.<\/p>\n<p>2. Se restringe la venta y consumo de bebidas alcoh\u00f3licas durante las 24 horas, en espacios p\u00fablicos y privados.<\/p>\n<p>3. Se proh\u00edbe el uso de canchas deportivas, gimnasios, balnearios, hoster\u00edas, espacios recreacionales p\u00fablicos y privados. Quienes ser\u00e1n notificados debidamente por la secretar\u00eda del COE Cantonal.<\/p>\n<p>4. Se proh\u00edbe actos religiosos y procesiones de manera presencial.<\/p>\n<p>5. Se restringe los horarios de funcionamiento de los establecimientos comerciales de 21h00 a 05h00, excepto las farmacias.<\/p>\n<p>6. Se restringe la movilidad vehicular en el cant\u00f3n Celica de 21h00 a 05h00, excepto casos de emergencia debidamente justificada y movilidad interprovincial.<\/p>\n<p>7. Suspender la feria libre de los d\u00edas domingos en el cant\u00f3n Celica.<\/p>\n<p>8. Exhortar a las instituciones p\u00fablicas y privadas que presten sus servicios con un aforo del 30%.<\/p>\n<p>9. Exhortar a la ciudadan\u00eda a no realizar reuniones familiares ni sociales.<\/p>\n<p>10. Intensificar los operativos de control interinstitucional relacionados al buen uso de espacios p\u00fablicos y privados, aplicando las medidas de bioseguridad.<\/p>\n<p>11. Acogerse a la restricci\u00f3n vehicular emitida por el COE Nacional para el feriado de Semana Santa.<\/p>\n<p>www.lodelmomentoloja.com<br \/>\n#LDMnoticias #lodelmomentolojaLDM<\/p>\n","protected":false},"excerpt":{"rendered":"<p>#Loj | El cant\u00f3n Celica pasa a sem\u00e1foro rojo. El COE del cant\u00f3n Celica, en&#8230;<\/p>\n","protected":false},"author":1,"featured_media":3312,"comment_status":"open","ping_status":"open","sticky":false,"template":"","format":"standard","meta":{"footnotes":""},"categories":[1],"tags":[],"class_list":["post-3311","post","type-post","status-publish","format-standard","has-post-thumbnail","hentry","category-inicio"],"_links":{"self":[{"href":"https:\/\/www.lodelmomentoloja.com\/index.php?rest_route=\/wp\/v2\/posts\/3311"}],"collection":[{"href":"https:\/\/www.lodelmomentoloja.com\/index.php?rest_route=\/wp\/v2\/posts"}],"about":[{"href":"https:\/\/www.lodelmomentoloja.com\/index.php?rest_route=\/wp\/v2\/types\/post"}],"author":[{"embeddable":true,"href":"https:\/\/www.lodelmomentoloja.com\/index.php?rest_route=\/wp\/v2\/users\/1"}],"replies":[{"embeddable":true,"href":"https:\/\/www.lodelmomentoloja.com\/index.php?rest_route=%2Fwp%2Fv2%2Fcomments&post=3311"}],"version-history":[{"count":1,"href":"https:\/\/www.lodelmomentoloja.com\/index.php?rest_route=\/wp\/v2\/posts\/3311\/revisions"}],"predecessor-version":[{"id":3313,"href":"https:\/\/www.lodelmomentoloja.com\/index.php?rest_route=\/wp\/v2\/posts\/3311\/revisions\/3313"}],"wp:featuredmedia":[{"embeddable":true,"href":"https:\/\/www.lodelmomentoloja.com\/index.php?rest_route=\/wp\/v2\/media\/3312"}],"wp:attachment":[{"href":"https:\/\/www.lodelmomentoloja.com\/index.php?rest_route=%2Fwp%2Fv2%2Fmedia&parent=3311"}],"wp:term":[{"taxonomy":"category","embeddable":true,"href":"https:\/\/www.lodelmomentoloja.com\/index.php?rest_route=%2Fwp%2Fv2%2Fcategories&post=3311"},{"taxonomy":"post_tag","embeddable":true,"href":"https:\/\/www.lodelmomentoloja.com\/index.php?rest_route=%2Fwp%2Fv2%2Ftags&post=3311"}],"curies":[{"name":"wp","href":"https:\/\/api.w.org\/{rel}","templated":true}]}}