{"id":3294,"date":"2021-03-29T11:10:38","date_gmt":"2021-03-29T11:10:38","guid":{"rendered":"http:\/\/www.lodelmomentoloja.com\/?p=3294"},"modified":"2021-03-29T16:09:47","modified_gmt":"2021-03-29T16:09:47","slug":"loja-regresa-al-semaforo-rojo","status":"publish","type":"post","link":"https:\/\/www.lodelmomentoloja.com\/?p=3294","title":{"rendered":"Loja regresa al sem\u00e1foro rojo"},"content":{"rendered":"<p>#Loja | Coe Cantonal de Loja decide sem\u00e1foro rojo.<\/p>\n<p>En reuni\u00f3n extraordinaria del COE Cantonal Loja, la ma\u00f1ana de hoy Lunes 29 de marzo del 2021, ante los altos \u00edndices de contagios por Covid-19 se decidi\u00f3 declarar a Loja en sem\u00e1foro rojo.<\/p>\n<p>Dentro de las principales restricciones est\u00e1n:<\/p>\n<p>&#8211; Restricci\u00f3n de venta de bebidas alcoh\u00f3licas de 18h00 a 06h00, desde el 29 de marzo al 25 de abril.<\/p>\n<p>&#8211; Se restringe el uso de canchas deportivas de uso p\u00fablico y privadas.<\/p>\n<p>&#8211; Se proh\u00edbe las celebraciones presenciales por Semana Santa (Solamente virtual)<\/p>\n<p>&#8211; Prohibici\u00f3n de la circulaci\u00f3n vehicular desde las 21h00 a 05h00, desde el 29 de marzo al 25 de abril.<\/p>\n<p>&#8211; Se acoge a la restricci\u00f3n vehicular emitida por el COE Nacional para el feriado nacional por Semana Santa.<\/p>\n<p>www.lodelmomentoloja.com<br \/>\n#LDMnoticias #lodelmomentolojaLDM<\/p>\n","protected":false},"excerpt":{"rendered":"<p>#Loja | Coe Cantonal de Loja decide sem\u00e1foro rojo. En reuni\u00f3n extraordinaria del COE Cantonal&#8230;<\/p>\n","protected":false},"author":1,"featured_media":3295,"comment_status":"open","ping_status":"open","sticky":false,"template":"","format":"standard","meta":{"footnotes":""},"categories":[1],"tags":[],"class_list":["post-3294","post","type-post","status-publish","format-standard","has-post-thumbnail","hentry","category-inicio"],"_links":{"self":[{"href":"https:\/\/www.lodelmomentoloja.com\/index.php?rest_route=\/wp\/v2\/posts\/3294"}],"collection":[{"href":"https:\/\/www.lodelmomentoloja.com\/index.php?rest_route=\/wp\/v2\/posts"}],"about":[{"href":"https:\/\/www.lodelmomentoloja.com\/index.php?rest_route=\/wp\/v2\/types\/post"}],"author":[{"embeddable":true,"href":"https:\/\/www.lodelmomentoloja.com\/index.php?rest_route=\/wp\/v2\/users\/1"}],"replies":[{"embeddable":true,"href":"https:\/\/www.lodelmomentoloja.com\/index.php?rest_route=%2Fwp%2Fv2%2Fcomments&post=3294"}],"version-history":[{"count":1,"href":"https:\/\/www.lodelmomentoloja.com\/index.php?rest_route=\/wp\/v2\/posts\/3294\/revisions"}],"predecessor-version":[{"id":3296,"href":"https:\/\/www.lodelmomentoloja.com\/index.php?rest_route=\/wp\/v2\/posts\/3294\/revisions\/3296"}],"wp:featuredmedia":[{"embeddable":true,"href":"https:\/\/www.lodelmomentoloja.com\/index.php?rest_route=\/wp\/v2\/media\/3295"}],"wp:attachment":[{"href":"https:\/\/www.lodelmomentoloja.com\/index.php?rest_route=%2Fwp%2Fv2%2Fmedia&parent=3294"}],"wp:term":[{"taxonomy":"category","embeddable":true,"href":"https:\/\/www.lodelmomentoloja.com\/index.php?rest_route=%2Fwp%2Fv2%2Fcategories&post=3294"},{"taxonomy":"post_tag","embeddable":true,"href":"https:\/\/www.lodelmomentoloja.com\/index.php?rest_route=%2Fwp%2Fv2%2Ftags&post=3294"}],"curies":[{"name":"wp","href":"https:\/\/api.w.org\/{rel}","templated":true}]}}