{"id":3276,"date":"2021-03-26T20:00:54","date_gmt":"2021-03-26T20:00:54","guid":{"rendered":"http:\/\/www.lodelmomentoloja.com\/?p=3276"},"modified":"2021-03-27T00:43:44","modified_gmt":"2021-03-27T00:43:44","slug":"anderson-milan-regresa-a-la-musica","status":"publish","type":"post","link":"https:\/\/www.lodelmomentoloja.com\/?p=3276","title":{"rendered":"Anderson Milan regresa a la m\u00fasica."},"content":{"rendered":"<p>Anderson Miguel Lafebre Suqui, conocido en el \u00e1mbito musical como Anderson Mil\u00e1n, es un talentoso cantante lojano de 26 a\u00f1os que ha logrado consolidarse con uno de los m\u00e1s representativos \u00a0artistas que acoge la castellana.<\/p>\n<p><img decoding=\"async\" src=\"https:\/\/secureservercdn.net\/72.167.242.48\/ljv.395.myftpupload.com\/wp-content\/uploads\/2021\/03\/ANDERSON-MILAN-5-scaled.jpg?time=1615990156\" \/><\/p>\n<p>Su pasi\u00f3n por la m\u00fasica y el apoyo de su gente, son los motores fundamentales que impulsan su carrera, adem\u00e1s, del apoyo incondicional de su madre, de quien toma fuerza e inspiraci\u00f3n para dejar en lo m\u00e1s alto a esta tierra que lo vi\u00f3 nacer.<\/p>\n<p>&nbsp;<\/p>\n<p><strong>TRAYECTORIA<\/strong><\/p>\n<p><strong>\u00a0<\/strong><\/p>\n<p>El joven artista inicia con su carrera musical en el 2013 con el sencillo \u201cT\u00fa eres perfecta\u201d que en \u00a0un principio se lanz\u00f3 como videoLyrics, posteriormente, en el 2014, se public\u00f3 el video oficial. Anderson comenta que esta canci\u00f3n producida bajo el sello de Villa Music tuvo una gran aceptaci\u00f3n por parte de la gente, ya que el n\u00famero de vistas en la plataforma YouTube dan fe de ello.<\/p>\n<p><img loading=\"lazy\" decoding=\"async\" class=\"alignright\" src=\"https:\/\/secureservercdn.net\/72.167.242.48\/ljv.395.myftpupload.com\/wp-content\/uploads\/2021\/03\/Anderson-Milan-FERIA-DE-LOJA-7-.jpg?time=1615990156\" width=\"337\" height=\"224\" \/><\/p>\n<p>Este sencillo catapult\u00f3 la carrera musical de Anderson, ya que le permiti\u00f3 presentarse en diferentes escenarios locales y nacionales. Con este tema dio shows importantes como lo es la apertura del concierto de Prince Royce, Nicky Jam y de otros artistas de relevo internacional. \u201cEsta canci\u00f3n nos abri\u00f3 las puertas para que podamos representar a nuestra querida ciudad en eventos importantes\u201d, manifiesta.<\/p>\n<p><strong>PRESENTACIONES:<\/strong><\/p>\n<p><strong>\u00a0<\/strong>Adem\u00e1s de Loja, Anderson ha Logrado llevar su m\u00fasica a diferentes lugares del pa\u00eds como Zamora, Cuenca, Machala, Quito, entre \u00a0otros lugares, y desde luego en su provincia.<\/p>\n<p><img loading=\"lazy\" decoding=\"async\" class=\"aligncenter\" src=\"https:\/\/secureservercdn.net\/72.167.242.48\/ljv.395.myftpupload.com\/wp-content\/uploads\/2021\/03\/Anderson-Milan-FERIA-DE-LOJA-4.jpg?time=1615990156\" width=\"876\" height=\"584\" \/><\/p>\n<p><strong><\/p>\n<p>EL PORQUE DE SU AUSENCIA EN LA MUSICA<br \/>\n<\/strong><\/p>\n<p>El talento lojano comenta que estuvo inactivo en la industria musical desde el 2015 hasta el 2020, debido a que firm\u00f3 un contrato al que califica como \u201cmal habido\u201d, ya que se encontr\u00f3 con personas con las que no se sent\u00eda a gusto, por tal raz\u00f3n, no pudo continuar con su carrera art\u00edstica, ya que hab\u00eda \u00a0temas legales que estaban estipulados dentro de este contrato.<\/p>\n<p>Manifiesta que, este contrato finaliz\u00f3 en el mes de septiembre de 2020, motivo por el que decidi\u00f3 retomar su carrera musical. \u201cVoy a continuar con \u00a0este impulso y buena vibra que siempre nos ha caracterizado\u201d, indica. El sencillo con el que regresa a la industria se titula \u201cNo me quiero enamorar\u201d en su versi\u00f3n 2021.<\/p>\n<p><strong>TEMA \u201cNO ME QUIERO <\/strong><strong>ENAMORAR\u201d<\/strong><\/p>\n<p>Anderson Mil\u00e1n comenta que el \u00a0tema \u201cNo me quiero enamorar\u201d pertenece a la conocida banda Kalimba, sin embargo, para poderlo \u00a0adaptar a su estilo musical, el lojano, junto con su equipo de trabajo, debieron tramitar los permisos Y derechos originales.<\/p>\n<p><img loading=\"lazy\" decoding=\"async\" class=\"size-medium wp-image-3282 aligncenter\" src=\"http:\/\/www.lodelmomentoloja.com\/wp-content\/uploads\/2021\/03\/no-me-quiero-enamorar-300x300.png\" alt=\"\" width=\"300\" height=\"300\" srcset=\"https:\/\/www.lodelmomentoloja.com\/wp-content\/uploads\/2021\/03\/no-me-quiero-enamorar-300x300.png 300w, https:\/\/www.lodelmomentoloja.com\/wp-content\/uploads\/2021\/03\/no-me-quiero-enamorar-1024x1024.png 1024w, https:\/\/www.lodelmomentoloja.com\/wp-content\/uploads\/2021\/03\/no-me-quiero-enamorar-150x150.png 150w, https:\/\/www.lodelmomentoloja.com\/wp-content\/uploads\/2021\/03\/no-me-quiero-enamorar-768x768.png 768w, https:\/\/www.lodelmomentoloja.com\/wp-content\/uploads\/2021\/03\/no-me-quiero-enamorar-640x640.png 640w, https:\/\/www.lodelmomentoloja.com\/wp-content\/uploads\/2021\/03\/no-me-quiero-enamorar-50x50.png 50w, https:\/\/www.lodelmomentoloja.com\/wp-content\/uploads\/2021\/03\/no-me-quiero-enamorar.png 1500w\" sizes=\"(max-width: 300px) 100vw, 300px\" \/><\/p>\n<p>La realizaci\u00f3n de esta canci\u00f3n estuvo bajo la producci\u00f3n de el mismo artista a trav\u00e9s del sello discogr\u00e1fico Kafu Music Group, el cual es propiedad de Anderson y que logr\u00f3 fundar durante sus cinco a\u00f1os de inactividad en la industria. Kafu Music Group presta sus servicios en el \u00e1mbito del asesoramiento musical a nivel local, para de esta manera, potenciar el arte de los lojanos.<\/p>\n<p>&nbsp;<\/p>\n<p><strong>Nuevas propuestas \u00a0musicales<\/strong><strong><\/p>\n<p><\/strong>El entusiasta lojano espera lanzar otras 15 canciones para el p\u00fablico local y nacional que apoya y est\u00e1 pendiente de su carrera, de las cuales, un 50% ser\u00e1n desarrolladas en Colombia con productores que han trabajado con artistas como Chino y Nacho, Sebasti\u00e1n Yatra, Juan Mag\u00e1n, mientras que \u00a0el otro 50% de los temas ser\u00e1n trabajados por su propia \u00a0cuenta, a trav\u00e9s de su sello discogr\u00e1fico.<\/p>\n<p>Entre las propuestas de Anderson Mil\u00e1n se encuentra el lanzar una versi\u00f3n de la canci\u00f3n \u201cUn nuevo amor\u201d, junto a la banda de pop rock ecuatoriana Tranzas, autora de este sencillo.<\/p>\n<p>&nbsp;<\/p>\n<p><strong>Colaboraciones<\/strong><\/p>\n<p>El Artista Anderson Mil\u00e1n nos comenta que uno de sus pr\u00f3ximos proyectos ser\u00e1 con el ya reconocido artista guayaquile\u00f1o Douglas Bastidas (TRANZAS), con quien lanzar\u00e1n un nuevo sencillo de la canci\u00f3n \u201cUN NUEVO AMOR\u201d en su versi\u00f3n 2021 junto al artista, este mismo ya se encuentra en las plataformas digitales, y pr\u00f3ximamente realizar\u00e1n un videoclip para su lanzamiento oficial. Adem\u00e1s, menciona que, apoya la m\u00fasica de los artistas lojanos y de\u00a0 aquellos que ya tienen consolidada una carrera a nivel nacional, raz\u00f3n por la que podr\u00eda colaborar musicalmente con cualquier artista sin ninguna dificultad. Anderson ha entablado di\u00e1logo con varios artistas locales, con la finalidad de unir voces y crear m\u00fasica nueva, as\u00ed mismo, est\u00e1 entre sus planes el colaborar con algunos artistas del g\u00e9nero urbano de la localidad.<\/p>\n<p><strong>Reconocimientos<\/p>\n<p><\/strong><img loading=\"lazy\" decoding=\"async\" class=\"wp-image-3277 alignleft\" src=\"http:\/\/www.lodelmomentoloja.com\/wp-content\/uploads\/2021\/03\/anderson-milan-mis-bandas-ancionales-300x190.jpg\" alt=\"\" width=\"279\" height=\"177\" srcset=\"https:\/\/www.lodelmomentoloja.com\/wp-content\/uploads\/2021\/03\/anderson-milan-mis-bandas-ancionales-300x190.jpg 300w, https:\/\/www.lodelmomentoloja.com\/wp-content\/uploads\/2021\/03\/anderson-milan-mis-bandas-ancionales-1024x650.jpg 1024w, https:\/\/www.lodelmomentoloja.com\/wp-content\/uploads\/2021\/03\/anderson-milan-mis-bandas-ancionales-768x488.jpg 768w, https:\/\/www.lodelmomentoloja.com\/wp-content\/uploads\/2021\/03\/anderson-milan-mis-bandas-ancionales-640x406.jpg 640w, https:\/\/www.lodelmomentoloja.com\/wp-content\/uploads\/2021\/03\/anderson-milan-mis-bandas-ancionales-1536x975.jpg 1536w, https:\/\/www.lodelmomentoloja.com\/wp-content\/uploads\/2021\/03\/anderson-milan-mis-bandas-ancionales.jpg 2048w\" sizes=\"(max-width: 279px) 100vw, 279px\" \/>En el 2015, Anderson fue re- conocido por \u201cMis Bandas Nacionales\u201d como el \u201cMejor artista promesa\u201d a nivel nacional, as\u00ed mismo recibi\u00f3 el premio de mejor artista proyecci\u00f3n por parte de la Asociaci\u00f3n de Artistas, Escritores y Promotores Culturales Ecuatorianos (ASOARTES), adem\u00e1s, fue galardonado en Loja con la presea \u201cSalvador Bustamante Celi\u201d, por su destacada carrera musical.<\/p>\n<p>Estos son algunos de los reconocimientos que incentivan al talentoso lojano a seguir luchando por un sue\u00f1o que tiene desde su ni\u00f1ez, y que aspira convertir en realidad.<\/p>\n<p><strong>Logros de su trabajo<br \/>\n<\/strong><br \/>\n. Premio al grupo revelaci\u00f3n nacional por AER. Vocalista de MV4 (2013).<br \/>\n. Nominaci\u00f3n a Mejor V\u00eddeo clip 2014 por Las 30 mejores. (2014).<br \/>\n. 3er lugar Mejor Videoclip 2014 por Las 30 mejores. (2014).<br \/>\n. Nominaci\u00f3n a nivel nacional por MBN (2014).<br \/>\n. 2do lugar en MBN categor\u00eda Mejor artista en proyecci\u00f3n con m\u00e1s de 2600 votos (2014).<br \/>\n. El v\u00eddeo m\u00e1s pedido por Raya Zero\/UV Televisi\u00f3n (2014).<br \/>\n. M\u00faltiples top 10 en varias radios del sur del pa\u00eds.<\/p>\n<p><strong>Experiencias art\u00edsticas<\/strong><\/p>\n<p>. Encargado del tema a la Fundaci\u00f3n Lenin Moreno (2013)<br \/>\n. Artista invitado al concierto de Prince Royce. (2014)<br \/>\n. 3 a\u00f1os consecutivos en la Feria Internacional de Loja, incluida la del 2015.<br \/>\nComparti\u00f3 escenario con:<br \/>\n\u2013 Magic Juan (Proyecto 1), Fuego (Viana Loca).<br \/>\n\u2013 Maelo Ru\u00edz, Nicky Jam, Grupo Caneo, Grupo Niche, Grupo Gale (2015) entre varios artistas Internacionales de renombre y con los mejores exponentes de la m\u00fasica Ecuatoriana.<br \/>\n. Imagen publicitaria para el spot de Liga de Loja (2015)<br \/>\n. Encargado de la nueva canci\u00f3n para Liga de Loja (2015)<\/p>\n<p>&nbsp;<\/p>\n<p><strong>G\u00e9neros<\/strong><\/p>\n<p>\u201cHemos evitado encapsularnos en un solo g\u00e9nero musical\u201d, sostiene, as\u00ed mismo, afirma que su nueva producci\u00f3n incluye otro estilo como balada pop, urban- pop, as\u00ed mismo, integra canciones que fusionan el jazz con reguet\u00f3n, soul, entre otros.<\/p>\n<p>Anderson comenta que est\u00e1 abierto a cualquier g\u00e9nero musical, ya que quiere experimentar y crear nuevas propuestas en la m\u00fasica, con la finalidad de poner en manifiesto el potencial de los lojanos.<\/p>\n<p>&nbsp;<\/p>\n<p><strong>Proyectos en su carrera musical<\/strong><\/p>\n<p><strong>\u00a0<\/strong><\/p>\n<p>Representar a Loja es el mayor proyecto de Anderson, ya que el amor por esta ciudad lo motiva a incursionar con mayor empe\u00f1o en esta competitiva y a la vez gratificante profesi\u00f3n. \u201cHay que dejar una rayita en cada paso que damos para que nuestra querida Loja se ubique en el mapa de la m\u00fasica a escala nacional\u201d, enfatiza.<\/p>\n<p>&nbsp;<\/p>\n<p><strong>Contactos\u00a0\u00a0\u00a0\u00a0\u00a0\u00a0\u00a0\u00a0\u00a0\u00a0\u00a0\u00a0\u00a0\u00a0\u00a0\u00a0\u00a0\u00a0\u00a0\u00a0\u00a0\u00a0\u00a0\u00a0\u00a0\u00a0\u00a0\u00a0\u00a0\u00a0\u00a0\u00a0\u00a0\u00a0\u00a0\u00a0 <\/strong><\/p>\n<p>Se puede apoyar la m\u00fasica de Anderson a trav\u00e9s de su p\u00e1gina web andersonmilan.com o a trav\u00e9s de las diferentes plataformas digita les como Spotify, Deezer, Apple Music.<\/p>\n<p>As\u00ed mismo, en sus redes sociales Facebook, Instagram y YouTube, se encuentra como @andersonmilan.<\/p>\n<p>&nbsp;<\/p>\n","protected":false},"excerpt":{"rendered":"<p>Anderson Miguel Lafebre Suqui, conocido en el \u00e1mbito musical como Anderson Mil\u00e1n, es un talentoso&#8230;<\/p>\n","protected":false},"author":1,"featured_media":3285,"comment_status":"open","ping_status":"open","sticky":false,"template":"","format":"standard","meta":{"footnotes":""},"categories":[1],"tags":[],"class_list":["post-3276","post","type-post","status-publish","format-standard","has-post-thumbnail","hentry","category-inicio"],"_links":{"self":[{"href":"https:\/\/www.lodelmomentoloja.com\/index.php?rest_route=\/wp\/v2\/posts\/3276"}],"collection":[{"href":"https:\/\/www.lodelmomentoloja.com\/index.php?rest_route=\/wp\/v2\/posts"}],"about":[{"href":"https:\/\/www.lodelmomentoloja.com\/index.php?rest_route=\/wp\/v2\/types\/post"}],"author":[{"embeddable":true,"href":"https:\/\/www.lodelmomentoloja.com\/index.php?rest_route=\/wp\/v2\/users\/1"}],"replies":[{"embeddable":true,"href":"https:\/\/www.lodelmomentoloja.com\/index.php?rest_route=%2Fwp%2Fv2%2Fcomments&post=3276"}],"version-history":[{"count":1,"href":"https:\/\/www.lodelmomentoloja.com\/index.php?rest_route=\/wp\/v2\/posts\/3276\/revisions"}],"predecessor-version":[{"id":3286,"href":"https:\/\/www.lodelmomentoloja.com\/index.php?rest_route=\/wp\/v2\/posts\/3276\/revisions\/3286"}],"wp:featuredmedia":[{"embeddable":true,"href":"https:\/\/www.lodelmomentoloja.com\/index.php?rest_route=\/wp\/v2\/media\/3285"}],"wp:attachment":[{"href":"https:\/\/www.lodelmomentoloja.com\/index.php?rest_route=%2Fwp%2Fv2%2Fmedia&parent=3276"}],"wp:term":[{"taxonomy":"category","embeddable":true,"href":"https:\/\/www.lodelmomentoloja.com\/index.php?rest_route=%2Fwp%2Fv2%2Fcategories&post=3276"},{"taxonomy":"post_tag","embeddable":true,"href":"https:\/\/www.lodelmomentoloja.com\/index.php?rest_route=%2Fwp%2Fv2%2Ftags&post=3276"}],"curies":[{"name":"wp","href":"https:\/\/api.w.org\/{rel}","templated":true}]}}