{"id":3241,"date":"2021-03-25T09:00:08","date_gmt":"2021-03-25T09:00:08","guid":{"rendered":"http:\/\/www.lodelmomentoloja.com\/?p=3241"},"modified":"2021-03-25T15:33:42","modified_gmt":"2021-03-25T15:33:42","slug":"denuncia-de-yaku-perez","status":"publish","type":"post","link":"https:\/\/www.lodelmomentoloja.com\/?p=3241","title":{"rendered":"Denuncia de Yaku P\u00e9rez"},"content":{"rendered":"<p>#Ecuador | Yaku denuncia que le ofrecieron reparto por su apoyo.<\/p>\n<p>Mediante comunicado del Movimiento Pachakutik, el excandidato presidencial Yaku P\u00e9rez, denunci\u00f3 en la asamblea del Consejo Pol\u00edtico que el candidato Guillermo Lasso le ofreci\u00f3 5 ministerios a cambio de los votos de Pachakutik, mientras que Andr\u00e9s Arauz ofreci\u00f3 un alto cargo para co-gobernar y financiar con millones de d\u00f3lares el voto nulo, o que causa curiosidad y confirma su comportamiento corrupto.<\/p>\n<p>Perez dijo que, sin embargo, ninguno de los dos candidatos no representan y tenemos la legitimidad de apoyo popular de m\u00e1s de 2 millones de ecuatorianos que confiaron en nuestro proyecto de gobierno, por ello vamos a VOTAR NULO, y que si alguien de Pachakutik acepta un cargo p\u00fablico sea inmediatamente expulsado de la organizaci\u00f3n, caiga quien caiga.<\/p>\n<p>Pronunciamiento de Andr\u00e9s Arauz.<br \/>\n&#8220;JAM\u00c1S me he reunido con Yaku P\u00e9rez.<br \/>\nJAM\u00c1S le ofrecer\u00eda a \u00e9l ni a nadie el reparto que tanto hemos denunciado. Mi compromiso es con los pueblos y nacionalidades ind\u00edgenas, con el Estado plurinacional e intercultural y con la Minka por la Vida&#8221; v\u00eda twitter.<\/p>\n<p>Pronunciamiento de Guillermo Lasso.<br \/>\n&#8220;La \u00fanica reuni\u00f3n que he mantenido con Yaku P\u00e9rez fue p\u00fablica, transparente y los \u00fanicos temas que tratamos fueron los que conocieron todos los ecuatorianos. Ese es el esp\u00edritu democr\u00e1tico de quienes queremos un verdadero cambio, di\u00e1logo y transparencia&#8221;. v\u00eda twitter.<\/p>\n<p>www.lodelmomentoloja.com<br \/>\n#LDMnoticias #lodelmomentolojaLDM<\/p>\n","protected":false},"excerpt":{"rendered":"<p>#Ecuador | Yaku denuncia que le ofrecieron reparto por su apoyo. Mediante comunicado del Movimiento&#8230;<\/p>\n","protected":false},"author":1,"featured_media":3242,"comment_status":"open","ping_status":"open","sticky":false,"template":"","format":"standard","meta":{"footnotes":""},"categories":[1],"tags":[],"class_list":["post-3241","post","type-post","status-publish","format-standard","has-post-thumbnail","hentry","category-inicio"],"_links":{"self":[{"href":"https:\/\/www.lodelmomentoloja.com\/index.php?rest_route=\/wp\/v2\/posts\/3241"}],"collection":[{"href":"https:\/\/www.lodelmomentoloja.com\/index.php?rest_route=\/wp\/v2\/posts"}],"about":[{"href":"https:\/\/www.lodelmomentoloja.com\/index.php?rest_route=\/wp\/v2\/types\/post"}],"author":[{"embeddable":true,"href":"https:\/\/www.lodelmomentoloja.com\/index.php?rest_route=\/wp\/v2\/users\/1"}],"replies":[{"embeddable":true,"href":"https:\/\/www.lodelmomentoloja.com\/index.php?rest_route=%2Fwp%2Fv2%2Fcomments&post=3241"}],"version-history":[{"count":1,"href":"https:\/\/www.lodelmomentoloja.com\/index.php?rest_route=\/wp\/v2\/posts\/3241\/revisions"}],"predecessor-version":[{"id":3243,"href":"https:\/\/www.lodelmomentoloja.com\/index.php?rest_route=\/wp\/v2\/posts\/3241\/revisions\/3243"}],"wp:featuredmedia":[{"embeddable":true,"href":"https:\/\/www.lodelmomentoloja.com\/index.php?rest_route=\/wp\/v2\/media\/3242"}],"wp:attachment":[{"href":"https:\/\/www.lodelmomentoloja.com\/index.php?rest_route=%2Fwp%2Fv2%2Fmedia&parent=3241"}],"wp:term":[{"taxonomy":"category","embeddable":true,"href":"https:\/\/www.lodelmomentoloja.com\/index.php?rest_route=%2Fwp%2Fv2%2Fcategories&post=3241"},{"taxonomy":"post_tag","embeddable":true,"href":"https:\/\/www.lodelmomentoloja.com\/index.php?rest_route=%2Fwp%2Fv2%2Ftags&post=3241"}],"curies":[{"name":"wp","href":"https:\/\/api.w.org\/{rel}","templated":true}]}}