{"id":3221,"date":"2021-03-24T14:00:34","date_gmt":"2021-03-24T14:00:34","guid":{"rendered":"http:\/\/www.lodelmomentoloja.com\/?p=3221"},"modified":"2021-03-24T18:58:45","modified_gmt":"2021-03-24T18:58:45","slug":"sobra-protestas-de-octubre","status":"publish","type":"post","link":"https:\/\/www.lodelmomentoloja.com\/?p=3221","title":{"rendered":"Sobra protestas de Octubre"},"content":{"rendered":"<p>#Ecuador | Ministro de Gobierno se refiri\u00f3 a las protesta de octubre.<\/p>\n<p>&#8220;Es importante mencionar hechos que son muy claros en lo sucedido en octubre, no hay muertos un muerto con armas de dotaci\u00f3n a la polic\u00eda, no hubo un disparo con las armas de dotaci\u00f3n de los polic\u00edas, lo mismo que explic\u00f3 el General Jarr\u00edn con respecto a la actuaci\u00f3n de la fuerza militar. Eso determina claramente que el objetivo fue en octubre fue tratar de traer el orden a la ciudad de Quito y las diferentes carreteras a nivel nacional&#8221;, mencionaba el Ministro de Gobierno Gabriel Mart\u00ednez en TC Televisi\u00f3n.<\/p>\n<p>Esto, tras el informe de la Comisi\u00f3n Especial para la Verdad y Justicia, creado por la Defensor\u00eda del Pueblo, de los acontecimientos que se dieron durante los 14 d\u00edas en las protestas de octubre en 2019.<\/p>\n<p>www.lodelmomentoloja.com<br \/>\n#LDMnoticias #lodelmomentolojaLDM<\/p>\n","protected":false},"excerpt":{"rendered":"<p>#Ecuador | Ministro de Gobierno se refiri\u00f3 a las protesta de octubre. &#8220;Es importante mencionar&#8230;<\/p>\n","protected":false},"author":1,"featured_media":3222,"comment_status":"open","ping_status":"open","sticky":false,"template":"","format":"standard","meta":{"footnotes":""},"categories":[1],"tags":[],"class_list":["post-3221","post","type-post","status-publish","format-standard","has-post-thumbnail","hentry","category-inicio"],"_links":{"self":[{"href":"https:\/\/www.lodelmomentoloja.com\/index.php?rest_route=\/wp\/v2\/posts\/3221"}],"collection":[{"href":"https:\/\/www.lodelmomentoloja.com\/index.php?rest_route=\/wp\/v2\/posts"}],"about":[{"href":"https:\/\/www.lodelmomentoloja.com\/index.php?rest_route=\/wp\/v2\/types\/post"}],"author":[{"embeddable":true,"href":"https:\/\/www.lodelmomentoloja.com\/index.php?rest_route=\/wp\/v2\/users\/1"}],"replies":[{"embeddable":true,"href":"https:\/\/www.lodelmomentoloja.com\/index.php?rest_route=%2Fwp%2Fv2%2Fcomments&post=3221"}],"version-history":[{"count":1,"href":"https:\/\/www.lodelmomentoloja.com\/index.php?rest_route=\/wp\/v2\/posts\/3221\/revisions"}],"predecessor-version":[{"id":3223,"href":"https:\/\/www.lodelmomentoloja.com\/index.php?rest_route=\/wp\/v2\/posts\/3221\/revisions\/3223"}],"wp:featuredmedia":[{"embeddable":true,"href":"https:\/\/www.lodelmomentoloja.com\/index.php?rest_route=\/wp\/v2\/media\/3222"}],"wp:attachment":[{"href":"https:\/\/www.lodelmomentoloja.com\/index.php?rest_route=%2Fwp%2Fv2%2Fmedia&parent=3221"}],"wp:term":[{"taxonomy":"category","embeddable":true,"href":"https:\/\/www.lodelmomentoloja.com\/index.php?rest_route=%2Fwp%2Fv2%2Fcategories&post=3221"},{"taxonomy":"post_tag","embeddable":true,"href":"https:\/\/www.lodelmomentoloja.com\/index.php?rest_route=%2Fwp%2Fv2%2Ftags&post=3221"}],"curies":[{"name":"wp","href":"https:\/\/api.w.org\/{rel}","templated":true}]}}