{"id":3213,"date":"2021-03-24T12:10:26","date_gmt":"2021-03-24T12:10:26","guid":{"rendered":"http:\/\/www.lodelmomentoloja.com\/?p=3213"},"modified":"2021-03-24T17:17:15","modified_gmt":"2021-03-24T17:17:15","slug":"michelena-de-vuelta-a-la-segcom","status":"publish","type":"post","link":"https:\/\/www.lodelmomentoloja.com\/?p=3213","title":{"rendered":"Michelena de vuelta a la SEGCOM"},"content":{"rendered":"<p>#Nacional | Tras la renuncia de Caridad Vela a la Secretar\u00eda General de Comunicaci\u00f3n (Segcom) el presidente de la Rep\u00fablica, Len\u00edn Moreno, encarg\u00f3 esa dependencia a Andr\u00e9s Michelena.<\/p>\n<p>Desde esa Cartera de Estado se indic\u00f3 que el funcionario seguir\u00e1 en la instituci\u00f3n y tambi\u00e9n se encargar\u00e1 de la comunicaci\u00f3n gubernamental.<\/p>\n<p>Por otro lado el primer mandatario hizo p\u00fablico dicho texto: \u201cQuerida Caridad, gracias por tu compromiso desde el primer d\u00eda en el equipo de Gobierno. La salud es primordial y espero tu pronta y buena recuperaci\u00f3n. Encargo la Secretar\u00eda de Comunicaci\u00f3n a Andr\u00e9s Michelena\u201d, escribi\u00f3 Moreno a trav\u00e9s de su cuenta de Twitter.<\/p>\n<p>www.lodelmomentoloja.com<br \/>\n#LMDnoticias #lodelmomentolojaLDM<\/p>\n","protected":false},"excerpt":{"rendered":"<p>#Nacional | Tras la renuncia de Caridad Vela a la Secretar\u00eda General de Comunicaci\u00f3n (Segcom)&#8230;<\/p>\n","protected":false},"author":1,"featured_media":3214,"comment_status":"open","ping_status":"open","sticky":false,"template":"","format":"standard","meta":{"footnotes":""},"categories":[1],"tags":[],"class_list":["post-3213","post","type-post","status-publish","format-standard","has-post-thumbnail","hentry","category-inicio"],"_links":{"self":[{"href":"https:\/\/www.lodelmomentoloja.com\/index.php?rest_route=\/wp\/v2\/posts\/3213"}],"collection":[{"href":"https:\/\/www.lodelmomentoloja.com\/index.php?rest_route=\/wp\/v2\/posts"}],"about":[{"href":"https:\/\/www.lodelmomentoloja.com\/index.php?rest_route=\/wp\/v2\/types\/post"}],"author":[{"embeddable":true,"href":"https:\/\/www.lodelmomentoloja.com\/index.php?rest_route=\/wp\/v2\/users\/1"}],"replies":[{"embeddable":true,"href":"https:\/\/www.lodelmomentoloja.com\/index.php?rest_route=%2Fwp%2Fv2%2Fcomments&post=3213"}],"version-history":[{"count":1,"href":"https:\/\/www.lodelmomentoloja.com\/index.php?rest_route=\/wp\/v2\/posts\/3213\/revisions"}],"predecessor-version":[{"id":3215,"href":"https:\/\/www.lodelmomentoloja.com\/index.php?rest_route=\/wp\/v2\/posts\/3213\/revisions\/3215"}],"wp:featuredmedia":[{"embeddable":true,"href":"https:\/\/www.lodelmomentoloja.com\/index.php?rest_route=\/wp\/v2\/media\/3214"}],"wp:attachment":[{"href":"https:\/\/www.lodelmomentoloja.com\/index.php?rest_route=%2Fwp%2Fv2%2Fmedia&parent=3213"}],"wp:term":[{"taxonomy":"category","embeddable":true,"href":"https:\/\/www.lodelmomentoloja.com\/index.php?rest_route=%2Fwp%2Fv2%2Fcategories&post=3213"},{"taxonomy":"post_tag","embeddable":true,"href":"https:\/\/www.lodelmomentoloja.com\/index.php?rest_route=%2Fwp%2Fv2%2Ftags&post=3213"}],"curies":[{"name":"wp","href":"https:\/\/api.w.org\/{rel}","templated":true}]}}