{"id":320,"date":"2020-10-23T14:45:54","date_gmt":"2020-10-23T14:45:54","guid":{"rendered":"http:\/\/www.lodelmomentoloja.com\/?p=320"},"modified":"2020-11-10T00:47:28","modified_gmt":"2020-11-10T00:47:28","slug":"ivan-elizalde-asume-la-direccion-provincial-de-loja-con-banecuador","status":"publish","type":"post","link":"https:\/\/www.lodelmomentoloja.com\/?p=320","title":{"rendered":"Iv\u00e1n Elizalde asume la Direcci\u00f3n Provincial de Loja con BanEcuador."},"content":{"rendered":"\n<figure class=\"wp-block-image\"><img decoding=\"async\" src=\"https:\/\/scontent.floh1-1.fna.fbcdn.net\/v\/t1.0-9\/122121805_834724757297616_3053966864505130891_o.jpg?_nc_cat=110&amp;ccb=2&amp;_nc_sid=8bfeb9&amp;_nc_ohc=MUzaJhqRh9oAX_Bz2Ue&amp;_nc_oc=AQknBacf59tVQLNX24JhuWNhZHc7T2PKUa-Lk9qciAL8gehLSMz4hv03_323hMBmbPI&amp;_nc_ht=scontent.floh1-1.fna&amp;oh=db9c9a3aaa4effaad747a4e9359b675b&amp;oe=5FCE9C0D\" alt=\"\"\/><\/figure>\n\n\n\n<p>Nuevo gerente provincial Loja BanEcuador.<\/p>\n\n\n\n<p>El d\u00eda de hoy, el Economista Iv\u00e1n Elizalde Gonz\u00e1les asume la Gerencia Provincial de Loja del BanEcuador BP, esto luego de haber destacado en su anterior cargo de la misma instituci\u00f3n en el cant\u00f3n Catamayo. <\/p>\n\n\n\n<p>Por ello, a trav\u00e9s de este medio digital, el nuevo gerente mencion\u00f3: &#8220;Asumo este nuevo reto con toda la responsabilidad que me caracteriza en pro del joven emprendedor, del comerciante, del agricultor, lo cual es prioridad para para nuestra instituci\u00f3n&#8221;<\/p>\n","protected":false},"excerpt":{"rendered":"<p>Nuevo gerente provincial Loja BanEcuador. El d\u00eda de hoy, el Economista Iv\u00e1n Elizalde Gonz\u00e1les asume&#8230;<\/p>\n","protected":false},"author":1,"featured_media":321,"comment_status":"open","ping_status":"open","sticky":false,"template":"","format":"standard","meta":{"footnotes":""},"categories":[7,1,5],"tags":[],"class_list":["post-320","post","type-post","status-publish","format-standard","has-post-thumbnail","hentry","category-ecuador","category-inicio","category-loja"],"_links":{"self":[{"href":"https:\/\/www.lodelmomentoloja.com\/index.php?rest_route=\/wp\/v2\/posts\/320"}],"collection":[{"href":"https:\/\/www.lodelmomentoloja.com\/index.php?rest_route=\/wp\/v2\/posts"}],"about":[{"href":"https:\/\/www.lodelmomentoloja.com\/index.php?rest_route=\/wp\/v2\/types\/post"}],"author":[{"embeddable":true,"href":"https:\/\/www.lodelmomentoloja.com\/index.php?rest_route=\/wp\/v2\/users\/1"}],"replies":[{"embeddable":true,"href":"https:\/\/www.lodelmomentoloja.com\/index.php?rest_route=%2Fwp%2Fv2%2Fcomments&post=320"}],"version-history":[{"count":1,"href":"https:\/\/www.lodelmomentoloja.com\/index.php?rest_route=\/wp\/v2\/posts\/320\/revisions"}],"predecessor-version":[{"id":322,"href":"https:\/\/www.lodelmomentoloja.com\/index.php?rest_route=\/wp\/v2\/posts\/320\/revisions\/322"}],"wp:featuredmedia":[{"embeddable":true,"href":"https:\/\/www.lodelmomentoloja.com\/index.php?rest_route=\/wp\/v2\/media\/321"}],"wp:attachment":[{"href":"https:\/\/www.lodelmomentoloja.com\/index.php?rest_route=%2Fwp%2Fv2%2Fmedia&parent=320"}],"wp:term":[{"taxonomy":"category","embeddable":true,"href":"https:\/\/www.lodelmomentoloja.com\/index.php?rest_route=%2Fwp%2Fv2%2Fcategories&post=320"},{"taxonomy":"post_tag","embeddable":true,"href":"https:\/\/www.lodelmomentoloja.com\/index.php?rest_route=%2Fwp%2Fv2%2Ftags&post=320"}],"curies":[{"name":"wp","href":"https:\/\/api.w.org\/{rel}","templated":true}]}}