{"id":3161,"date":"2021-03-22T10:30:49","date_gmt":"2021-03-22T10:30:49","guid":{"rendered":"http:\/\/www.lodelmomentoloja.com\/?p=3161"},"modified":"2021-03-22T15:41:01","modified_gmt":"2021-03-22T15:41:01","slug":"vacunados-vip","status":"publish","type":"post","link":"https:\/\/www.lodelmomentoloja.com\/?p=3161","title":{"rendered":"VACUNADOS VIP"},"content":{"rendered":"<p>#Ecuador | Relevan nuevos nombres de Vacunados Vip<\/p>\n<p>En una nueva entrega de la lista de Vacunados Vip, el medio digital La Posta, revelo m\u00e1s de 500 nombres de la lista de privilegiados que se han vacunado en la Fase 0 y 1 del Plan de Vacunaci\u00f3n que lleva a cabo el Ministerio de Salud.<\/p>\n<p>Dentro de la lista de privilegiados se encuentran ministros de estado y sus familia, l\u00edderes de opini\u00f3n, etc, son:<br \/>\n\u25b6\ufe0f Oswaldo Jarr\u00edn, Ministro de Defensa<br \/>\n\u25b6\ufe0f Mauricio Pozo, Ministro de Econom\u00eda y su esposa Patricia Donoso.<br \/>\n\u25b6\ufe0f Ren\u00e9 Ortiz, Ministro de Energ\u00eda y su esposa Mar\u00eda Barriga<br \/>\n\u25b6\ufe0f Julio Recalde, Ministro de Vivienda y su esposa Mar\u00eda Pazmi\u00f1o.<br \/>\n\u25b6\ufe0f Rosi Prado, Ministra de Turismo y su esposo Luis Holgu\u00edn<br \/>\n\u25b6\ufe0f Juan Carlos Zevallos, ex Ministro de Salud y vacun\u00f3 a su madre y su suegra Martha Samaniego.<br \/>\n\u25b6\ufe0f Javier Solorzano, Viceministro de Salud<br \/>\n\u25b6\ufe0f Rodolfo Farf\u00e1n, ex Ministro de Salud se vacuno cuando era vice ministro de Zevallos<\/p>\n<p>Adem\u00e1s, en el Hospital Metropolitano, personal del Ministerio de Salud, vacun\u00f3 a los suegros de Sebasti\u00e1n Corral, gerente de Teleamazonas. As\u00ed mismo, se revel\u00f3 la lista de 500 vacunados del Club Rotario de Guayaquil y finalmente La Posta, revel\u00f3 nombres de j\u00f3venes que no sobrepasan los 25 a\u00f1os las cuales se han vacunado en la Fase 0 y 1 del Plan Vacunaci\u00f3n.<\/p>\n<p>El pasado viernes 19 de marzo de 2021, la Secretaria de Comunicaci\u00f3n, mediante comunicado justifico los vacunados vips, aduciendo que no es parte de \u201cning\u00fan favoritismo, ni pedido personal\u201d la decisi\u00f3n se la habr\u00eda tomado en base a investigaci\u00f3n cient\u00edfica de la OMS.<\/p>\n<p>Sin embargo, la lista de privilegiados que se vacunaron antes del personal de primera l\u00ednea que atiende la pandemia por COVID-19 tambi\u00e9n son:<br \/>\n\u25b6\ufe0f Le\u00f3n Rold\u00f3s, ex Vicepresidente.<br \/>\n\u25b6\ufe0f Gustavo Zu\u00f1iga, funcionario del Municipio de Guayaquil.<br \/>\n\u25b6\ufe0f Francisco Huertas, ex Ministro de Gobierno.<br \/>\n\u25b6\ufe0f Jorge Neira, hermano de Xavier Neira ex dirigente del PSC.<br \/>\n\u25b6\ufe0f Alfredo Contreras, ex Magistrado de la Corte Suprema de Justicia.<br \/>\n\u25b6\ufe0f Marcia Baquerizo, Canciller de la Universidad Casa Grande de Guayaquil.<br \/>\n\u25b6\ufe0f H\u00e9ctor Plaza, ex Ministro de Industria del Gobierno de Mahuad.<br \/>\n\u25b6\ufe0f Jorge Alvear, ex Vocal del tribunal Contencioso Electoral.<br \/>\n\u25b6\ufe0f Walter Mera, Vicerrector de la Universidad Cat\u00f3lica de Santiago de Guayaquil.<\/p>\n<p>www.lodelmomentoloja.com<br \/>\n#LDMnoticias #lodelmomentolojaLDM<\/p>\n","protected":false},"excerpt":{"rendered":"<p>#Ecuador | Relevan nuevos nombres de Vacunados Vip En una nueva entrega de la lista&#8230;<\/p>\n","protected":false},"author":1,"featured_media":3162,"comment_status":"open","ping_status":"open","sticky":false,"template":"","format":"standard","meta":{"footnotes":""},"categories":[1],"tags":[],"class_list":["post-3161","post","type-post","status-publish","format-standard","has-post-thumbnail","hentry","category-inicio"],"_links":{"self":[{"href":"https:\/\/www.lodelmomentoloja.com\/index.php?rest_route=\/wp\/v2\/posts\/3161"}],"collection":[{"href":"https:\/\/www.lodelmomentoloja.com\/index.php?rest_route=\/wp\/v2\/posts"}],"about":[{"href":"https:\/\/www.lodelmomentoloja.com\/index.php?rest_route=\/wp\/v2\/types\/post"}],"author":[{"embeddable":true,"href":"https:\/\/www.lodelmomentoloja.com\/index.php?rest_route=\/wp\/v2\/users\/1"}],"replies":[{"embeddable":true,"href":"https:\/\/www.lodelmomentoloja.com\/index.php?rest_route=%2Fwp%2Fv2%2Fcomments&post=3161"}],"version-history":[{"count":1,"href":"https:\/\/www.lodelmomentoloja.com\/index.php?rest_route=\/wp\/v2\/posts\/3161\/revisions"}],"predecessor-version":[{"id":3163,"href":"https:\/\/www.lodelmomentoloja.com\/index.php?rest_route=\/wp\/v2\/posts\/3161\/revisions\/3163"}],"wp:featuredmedia":[{"embeddable":true,"href":"https:\/\/www.lodelmomentoloja.com\/index.php?rest_route=\/wp\/v2\/media\/3162"}],"wp:attachment":[{"href":"https:\/\/www.lodelmomentoloja.com\/index.php?rest_route=%2Fwp%2Fv2%2Fmedia&parent=3161"}],"wp:term":[{"taxonomy":"category","embeddable":true,"href":"https:\/\/www.lodelmomentoloja.com\/index.php?rest_route=%2Fwp%2Fv2%2Fcategories&post=3161"},{"taxonomy":"post_tag","embeddable":true,"href":"https:\/\/www.lodelmomentoloja.com\/index.php?rest_route=%2Fwp%2Fv2%2Ftags&post=3161"}],"curies":[{"name":"wp","href":"https:\/\/api.w.org\/{rel}","templated":true}]}}