{"id":31293,"date":"2026-04-29T13:45:28","date_gmt":"2026-04-29T13:45:28","guid":{"rendered":"https:\/\/www.lodelmomentoloja.com\/?p=31293"},"modified":"2026-04-29T18:48:19","modified_gmt":"2026-04-29T18:48:19","slug":"moradores-denuncian-via-colapsada-y-danos-en-la-tuberia-por-aparente-negligencia","status":"publish","type":"post","link":"https:\/\/www.lodelmomentoloja.com\/?p=31293","title":{"rendered":"Moradores denuncian v\u00eda colapsada y da\u00f1os en la tuber\u00eda por aparente negligencia"},"content":{"rendered":"<p><img loading=\"lazy\" decoding=\"async\" class=\"wp-image-31294 aligncenter\" src=\"http:\/\/www.lodelmomentoloja.com\/wp-content\/uploads\/2026\/04\/NOTICIA-VIDEO-LDM-6-300x169.jpg\" alt=\"\" width=\"999\" height=\"563\" srcset=\"https:\/\/www.lodelmomentoloja.com\/wp-content\/uploads\/2026\/04\/NOTICIA-VIDEO-LDM-6-300x169.jpg 300w, https:\/\/www.lodelmomentoloja.com\/wp-content\/uploads\/2026\/04\/NOTICIA-VIDEO-LDM-6-1024x576.jpg 1024w, https:\/\/www.lodelmomentoloja.com\/wp-content\/uploads\/2026\/04\/NOTICIA-VIDEO-LDM-6-768x432.jpg 768w, https:\/\/www.lodelmomentoloja.com\/wp-content\/uploads\/2026\/04\/NOTICIA-VIDEO-LDM-6-640x360.jpg 640w, https:\/\/www.lodelmomentoloja.com\/wp-content\/uploads\/2026\/04\/NOTICIA-VIDEO-LDM-6-1536x864.jpg 1536w, https:\/\/www.lodelmomentoloja.com\/wp-content\/uploads\/2026\/04\/NOTICIA-VIDEO-LDM-6.jpg 1920w\" sizes=\"(max-width: 999px) 100vw, 999px\" \/><\/p>\n<p>\ud83d\ude24\ud83d\udea7\ud83d\udc40 \u00a1Ya no aguantan m\u00e1s! La aparente negligencia en una construcci\u00f3n privada al occidente de la ciudad mantiene en la incertidumbre a los moradores de la Av. de las Am\u00e9ricas y Francisco Eguiguren; sseg\u00fan denuncian los afectados, el ingreso de maquinaria pesada provoc\u00f3 el colapso de la calzada, cerr\u00f3 el acceso a la zona y dej\u00f3 fisuras en las tuber\u00edas afectando el sistema de alcantarillado.<\/p>\n<div style=\"width: 640px;\" class=\"wp-video\"><!--[if lt IE 9]><script>document.createElement('video');<\/script><![endif]-->\n<video class=\"wp-video-shortcode\" id=\"video-31293-1\" width=\"640\" height=\"360\" preload=\"metadata\" controls=\"controls\"><source type=\"video\/mp4\" src=\"http:\/\/www.lodelmomentoloja.com\/wp-content\/uploads\/2026\/04\/DENUNCIA-CIUDADANA-REDUCIDO.mp4?_=1\" \/><a href=\"http:\/\/www.lodelmomentoloja.com\/wp-content\/uploads\/2026\/04\/DENUNCIA-CIUDADANA-REDUCIDO.mp4\">http:\/\/www.lodelmomentoloja.com\/wp-content\/uploads\/2026\/04\/DENUNCIA-CIUDADANA-REDUCIDO.mp4<\/a><\/video><\/div>\n<p>La construcci\u00f3n en una edificaci\u00f3n privada que estar\u00eda a cargo de la ciudadana Diana L.S., ha desatado el descontento de los vecinos. Seg\u00fan denuncian los afectados, el ingreso de maquinaria pesada provoc\u00f3 el colapso de la calzada y, no solo cerr\u00f3 el acceso a la zona, sino que dej\u00f3 fisuras en las tuber\u00edas afectando el sistema de alcantarillado; da\u00f1os que han persistido por m\u00e1s de dos meses sin que las autoridades correspondientes tomen cartas en el asunto.<\/p>\n<p>Incluso, un poste de luz se vino abajo y los cables quedaron en el limbo, mientras que otro pende de un hilo, una situaci\u00f3n que podr\u00eda 4t3nt4r contra la integridad de los transe\u00fantes. LDM tambi\u00e9n accedi\u00f3 al permiso de construcci\u00f3n otorgado a la propietaria, all\u00ed se estipula que cualquier alteraci\u00f3n o modificaci\u00f3n en la construcci\u00f3n ser\u00e1 motivo de sanci\u00f3n e inmediata paralizaci\u00f3n de la obra. Adem\u00e1s, destaca que, da\u00f1os a las edificaciones colindantes ser\u00e1n responsabilidad del director t\u00e9cnico y propietario.<\/p>\n<p>Cansados por la falta atenci\u00f3n, uno de los afectados Jos\u00e9 O.H., present\u00f3 una denuncia formal a la alcaldesa Diana Guayanay. Entre los cargos est\u00e1n: d3strvcc1\u00f3n de la v\u00eda p\u00fablica, invasi\u00f3n de propiedad privada y da\u00f1os estructurales severos, ya que, viviendas aleda\u00f1as tambi\u00e9n presentar\u00edan grietas visibles que comprometen su estabilidad.<\/p>\n<p>Piden a las autoridades tomar cartas en el asunto ya que la problem\u00e1tica cada vez, se vuelve insostenible y la ciudadan\u00eda tiene que afrontar las consecuencias.<\/p>\n<p>\ud83c\udf10\u2705 S\u00edguenos en nuestra p\u00e1gina verificada: facebook.com\/lodelmomentolojaEC<\/p>\n<p>\ud83c\udf10 Sitio web: www.lodelmomentoloja.com<br \/>\n#LDMnoticias #lodelmomentolojaLDM #Loja<\/p>\n","protected":false},"excerpt":{"rendered":"<p>\ud83d\ude24\ud83d\udea7\ud83d\udc40 \u00a1Ya no aguantan m\u00e1s! La aparente negligencia en una construcci\u00f3n privada al occidente de&#8230;<\/p>\n","protected":false},"author":1,"featured_media":0,"comment_status":"open","ping_status":"open","sticky":false,"template":"","format":"standard","meta":{"footnotes":""},"categories":[7,1,5],"tags":[],"class_list":["post-31293","post","type-post","status-publish","format-standard","hentry","category-ecuador","category-inicio","category-loja"],"_links":{"self":[{"href":"https:\/\/www.lodelmomentoloja.com\/index.php?rest_route=\/wp\/v2\/posts\/31293"}],"collection":[{"href":"https:\/\/www.lodelmomentoloja.com\/index.php?rest_route=\/wp\/v2\/posts"}],"about":[{"href":"https:\/\/www.lodelmomentoloja.com\/index.php?rest_route=\/wp\/v2\/types\/post"}],"author":[{"embeddable":true,"href":"https:\/\/www.lodelmomentoloja.com\/index.php?rest_route=\/wp\/v2\/users\/1"}],"replies":[{"embeddable":true,"href":"https:\/\/www.lodelmomentoloja.com\/index.php?rest_route=%2Fwp%2Fv2%2Fcomments&post=31293"}],"version-history":[{"count":1,"href":"https:\/\/www.lodelmomentoloja.com\/index.php?rest_route=\/wp\/v2\/posts\/31293\/revisions"}],"predecessor-version":[{"id":31296,"href":"https:\/\/www.lodelmomentoloja.com\/index.php?rest_route=\/wp\/v2\/posts\/31293\/revisions\/31296"}],"wp:attachment":[{"href":"https:\/\/www.lodelmomentoloja.com\/index.php?rest_route=%2Fwp%2Fv2%2Fmedia&parent=31293"}],"wp:term":[{"taxonomy":"category","embeddable":true,"href":"https:\/\/www.lodelmomentoloja.com\/index.php?rest_route=%2Fwp%2Fv2%2Fcategories&post=31293"},{"taxonomy":"post_tag","embeddable":true,"href":"https:\/\/www.lodelmomentoloja.com\/index.php?rest_route=%2Fwp%2Fv2%2Ftags&post=31293"}],"curies":[{"name":"wp","href":"https:\/\/api.w.org\/{rel}","templated":true}]}}