{"id":3125,"date":"2021-03-18T14:57:02","date_gmt":"2021-03-18T14:57:02","guid":{"rendered":"http:\/\/www.lodelmomentoloja.com\/?p=3125"},"modified":"2021-03-18T19:57:36","modified_gmt":"2021-03-18T19:57:36","slug":"movimiento-pachakutik-promovera-el-voto-nulo","status":"publish","type":"post","link":"https:\/\/www.lodelmomentoloja.com\/?p=3125","title":{"rendered":"Movimiento Pachakutik promover\u00e1 el voto nulo."},"content":{"rendered":"<div class=\"kvgmc6g5 cxmmr5t8 oygrvhab hcukyx3x c1et5uql ii04i59q\">\n<div dir=\"auto\"><a class=\"oajrlxb2 g5ia77u1 qu0x051f esr5mh6w e9989ue4 r7d6kgcz rq0escxv nhd2j8a9 nc684nl6 p7hjln8o kvgmc6g5 cxmmr5t8 oygrvhab hcukyx3x jb3vyjys rz4wbd8a qt6c0cv9 a8nywdso i1ao9s8h esuyzwwr f1sip0of lzcic4wl q66pz984 gpro0wi8 b1v8xokw\" tabindex=\"0\" role=\"link\" href=\"https:\/\/www.facebook.com\/hashtag\/loja?__eep__=6&amp;__cft__[0]=AZVZxpjIcUUM6GHPucFuJO0_xfeLT3--kKyro-9NZLiAkhHk6MD48cyjnA-81TBm6ySYfNwU5f-w7YavkBqUSVCmfuciB0NR9sDGeMs6SHysjfJ0brFDFJLxRodzqiM5_slI2b1JVRY0vRsOByPh8T0itxSKxARrPGJbhYwj0FnuoJBq9Ej7_VyKPc3xom0qvR4&amp;__tn__=*NK-R\">#Loja<\/a> | Movimiento Pachakutik promover\u00e1 el voto nulo.<\/div>\n<div dir=\"auto\"><\/div>\n<\/div>\n<div class=\"o9v6fnle cxmmr5t8 oygrvhab hcukyx3x c1et5uql ii04i59q\">\n<div dir=\"auto\">En medio de la campa\u00f1a electoral, el asamble\u00edsta electo Manuel Medina ratific\u00f3 que postura pol\u00edtica tomar\u00e1n con el Movimiento Pachakutik tanto a nivel de Loja como en el Ecuador en promover el voto nulo, recalcando que han sido perseguidos y por los diferentes problemas que pasa el pa\u00eds, han sido los argumentos para llevar a tomar la decisi\u00f3n en cara de la segunda vuelta electoral.<\/div>\n<div dir=\"auto\"><\/div>\n<\/div>\n<div class=\"o9v6fnle cxmmr5t8 oygrvhab hcukyx3x c1et5uql ii04i59q\">\n<div dir=\"auto\">Ya est\u00e1 definido el voto nulo, un voto cr\u00edtico, no un voto que pueda beneficiar a uno que otro sector pol\u00edtico. Esa ser\u00e1 nuestra posici\u00f3n y nuestro trabajo en este corto tiempo de campa\u00f1a&#8221; dijo Manuel Medina para el programa Opici\u00f3n Global.<\/div>\n<div dir=\"auto\"><\/div>\n<\/div>\n<div class=\"o9v6fnle cxmmr5t8 oygrvhab hcukyx3x c1et5uql ii04i59q\">\n<div dir=\"auto\"><a class=\"oajrlxb2 g5ia77u1 qu0x051f esr5mh6w e9989ue4 r7d6kgcz rq0escxv nhd2j8a9 nc684nl6 p7hjln8o kvgmc6g5 cxmmr5t8 oygrvhab hcukyx3x jb3vyjys rz4wbd8a qt6c0cv9 a8nywdso i1ao9s8h esuyzwwr f1sip0of lzcic4wl py34i1dx gpro0wi8\" tabindex=\"0\" role=\"link\" href=\"https:\/\/l.facebook.com\/l.php?u=http%3A%2F%2Fwww.lodelmomentoloja.com%2F%3Ffbclid%3DIwAR3PZWvjfqw4ruqFXhj2hQpLB33lzWDBjlNIRz0Pa4k08zT0iJcQjGnOXLk&amp;h=AT1PttNdGh55yTh-QXN12OE-PFiM7v6pu7Fl0sH4pPr-FdJh50KK_VCzmRfaSBElAms_mSQEYoBuls8XJTBblpUuH4ObiAmOObWt033sLIF6HxhBIqQkEb1mWh-ftYnw&amp;__tn__=-UK-R&amp;c[0]=AT3_9e40ehDWBLFygeZiHpNT-0UoG9T8mvxgdfv4tV6PgVTlwUyN5FxZTqrhf9lKqN8obpddpKl-E0l6FLi3sA-BwGppIgtztBdr4b2N4AE-NPvMiV_ztsRDZrTk8_878cMTkEB3LLwYpGHb6hCTNs_rYxR_hNQTW34vu3tNIhIrYfTICH6PoStd8iFWS4Wgfif3KN8\" target=\"_blank\" rel=\"nofollow noopener\">www.lodelmomentoloja.com<\/a><\/div>\n<div dir=\"auto\"><a class=\"oajrlxb2 g5ia77u1 qu0x051f esr5mh6w e9989ue4 r7d6kgcz rq0escxv nhd2j8a9 nc684nl6 p7hjln8o kvgmc6g5 cxmmr5t8 oygrvhab hcukyx3x jb3vyjys rz4wbd8a qt6c0cv9 a8nywdso i1ao9s8h esuyzwwr f1sip0of lzcic4wl q66pz984 gpro0wi8 b1v8xokw\" tabindex=\"0\" role=\"link\" href=\"https:\/\/www.facebook.com\/hashtag\/ldmnoticias?__eep__=6&amp;__cft__[0]=AZVZxpjIcUUM6GHPucFuJO0_xfeLT3--kKyro-9NZLiAkhHk6MD48cyjnA-81TBm6ySYfNwU5f-w7YavkBqUSVCmfuciB0NR9sDGeMs6SHysjfJ0brFDFJLxRodzqiM5_slI2b1JVRY0vRsOByPh8T0itxSKxARrPGJbhYwj0FnuoJBq9Ej7_VyKPc3xom0qvR4&amp;__tn__=*NK-R\">#LDMnoticias<\/a> <a class=\"oajrlxb2 g5ia77u1 qu0x051f esr5mh6w e9989ue4 r7d6kgcz rq0escxv nhd2j8a9 nc684nl6 p7hjln8o kvgmc6g5 cxmmr5t8 oygrvhab hcukyx3x jb3vyjys rz4wbd8a qt6c0cv9 a8nywdso i1ao9s8h esuyzwwr f1sip0of lzcic4wl q66pz984 gpro0wi8 b1v8xokw\" tabindex=\"0\" role=\"link\" href=\"https:\/\/www.facebook.com\/hashtag\/lodelmomentolojaldm?__eep__=6&amp;__cft__[0]=AZVZxpjIcUUM6GHPucFuJO0_xfeLT3--kKyro-9NZLiAkhHk6MD48cyjnA-81TBm6ySYfNwU5f-w7YavkBqUSVCmfuciB0NR9sDGeMs6SHysjfJ0brFDFJLxRodzqiM5_slI2b1JVRY0vRsOByPh8T0itxSKxARrPGJbhYwj0FnuoJBq9Ej7_VyKPc3xom0qvR4&amp;__tn__=*NK-R\">#lodelmomentolojaLDM<\/a><\/div>\n<\/div>\n","protected":false},"excerpt":{"rendered":"<p>#Loja | Movimiento Pachakutik promover\u00e1 el voto nulo. En medio de la campa\u00f1a electoral, el&#8230;<\/p>\n","protected":false},"author":1,"featured_media":3132,"comment_status":"open","ping_status":"open","sticky":false,"template":"","format":"standard","meta":{"footnotes":""},"categories":[1],"tags":[],"class_list":["post-3125","post","type-post","status-publish","format-standard","has-post-thumbnail","hentry","category-inicio"],"_links":{"self":[{"href":"https:\/\/www.lodelmomentoloja.com\/index.php?rest_route=\/wp\/v2\/posts\/3125"}],"collection":[{"href":"https:\/\/www.lodelmomentoloja.com\/index.php?rest_route=\/wp\/v2\/posts"}],"about":[{"href":"https:\/\/www.lodelmomentoloja.com\/index.php?rest_route=\/wp\/v2\/types\/post"}],"author":[{"embeddable":true,"href":"https:\/\/www.lodelmomentoloja.com\/index.php?rest_route=\/wp\/v2\/users\/1"}],"replies":[{"embeddable":true,"href":"https:\/\/www.lodelmomentoloja.com\/index.php?rest_route=%2Fwp%2Fv2%2Fcomments&post=3125"}],"version-history":[{"count":1,"href":"https:\/\/www.lodelmomentoloja.com\/index.php?rest_route=\/wp\/v2\/posts\/3125\/revisions"}],"predecessor-version":[{"id":3133,"href":"https:\/\/www.lodelmomentoloja.com\/index.php?rest_route=\/wp\/v2\/posts\/3125\/revisions\/3133"}],"wp:featuredmedia":[{"embeddable":true,"href":"https:\/\/www.lodelmomentoloja.com\/index.php?rest_route=\/wp\/v2\/media\/3132"}],"wp:attachment":[{"href":"https:\/\/www.lodelmomentoloja.com\/index.php?rest_route=%2Fwp%2Fv2%2Fmedia&parent=3125"}],"wp:term":[{"taxonomy":"category","embeddable":true,"href":"https:\/\/www.lodelmomentoloja.com\/index.php?rest_route=%2Fwp%2Fv2%2Fcategories&post=3125"},{"taxonomy":"post_tag","embeddable":true,"href":"https:\/\/www.lodelmomentoloja.com\/index.php?rest_route=%2Fwp%2Fv2%2Ftags&post=3125"}],"curies":[{"name":"wp","href":"https:\/\/api.w.org\/{rel}","templated":true}]}}