{"id":3098,"date":"2021-03-17T10:00:16","date_gmt":"2021-03-17T10:00:16","guid":{"rendered":"http:\/\/www.lodelmomentoloja.com\/?p=3098"},"modified":"2021-03-17T15:04:14","modified_gmt":"2021-03-17T15:04:14","slug":"allanan-instalaciones-del-msp","status":"publish","type":"post","link":"https:\/\/www.lodelmomentoloja.com\/?p=3098","title":{"rendered":"Allanan instalaciones del MSP"},"content":{"rendered":"<p>#Ecuador | Allanan instalaciones del MSP<\/p>\n<p>La Fiscal\u00eda General del estado, est\u00e1 ma\u00f1ana allan\u00f3 las instalaciones del Ministerio de Salud P\u00fablica, proceso por el cual se investiga el Plan de Vacunaci\u00f3n contra el COVID-19. La Fiscal\u00eda tiene abierta una investigaci\u00f3n en contra de Juan Carlos Zevallos, ex Ministro de Salud por el esc\u00e1ndalo del caso de los vacunados vips.<\/p>\n<p>Seg\u00fan Fiscal\u00eda, cuenta ya con el registro detallado de las personas vacunadas, dejando \u201cpresumir que existe informaci\u00f3n que ha sido ocultada y servir\u00eda para la investigaci\u00f3n que lleva adelante.\u201d Recalc\u00f3 la entidad.<\/p>\n<p>Durante el operativo buscaban informaci\u00f3n sobre el proceso del Plan de Vacunaci\u00f3n, ya que la lista de beneficiados de la fase 0 y 1 con las dosis contra el COVID-19 ha sido entregada a Fiscal\u00eda de forma incompleta y sin nombres de personas vacunadas.<\/p>\n<p>Sin embargo, el colectivo Acci\u00f3n Jur\u00eddica Popular en sus redes sociales denunciaron que: Fiscal\u00eda quien investiga el caso, ha solicitado desvincularlos de la denuncia desconociendo la parte acusatoria que es este caso es el colectivo jur\u00eddico. Acci\u00f3n Jur\u00eddica Popular, son los impulsadores de la denuncia contra el ex Ministro de Salud por el presunto delito de tr\u00e1fico de influencias por el caso de vacunados vip.<\/p>\n<p>Adem\u00e1s, ellos lograron mediante acci\u00f3n de protecci\u00f3n obligar al Ministerio de Salud P\u00fablica que se revele p\u00fablicamente la lista de vacunas de la Fase 0 y 1.<\/p>\n<p>www.lodelmomentoloja.com<br \/>\n#LDMnoticias #lodelmomentolojaLDM<\/p>\n","protected":false},"excerpt":{"rendered":"<p>#Ecuador | Allanan instalaciones del MSP La Fiscal\u00eda General del estado, est\u00e1 ma\u00f1ana allan\u00f3 las&#8230;<\/p>\n","protected":false},"author":1,"featured_media":3099,"comment_status":"open","ping_status":"open","sticky":false,"template":"","format":"standard","meta":{"footnotes":""},"categories":[1],"tags":[],"class_list":["post-3098","post","type-post","status-publish","format-standard","has-post-thumbnail","hentry","category-inicio"],"_links":{"self":[{"href":"https:\/\/www.lodelmomentoloja.com\/index.php?rest_route=\/wp\/v2\/posts\/3098"}],"collection":[{"href":"https:\/\/www.lodelmomentoloja.com\/index.php?rest_route=\/wp\/v2\/posts"}],"about":[{"href":"https:\/\/www.lodelmomentoloja.com\/index.php?rest_route=\/wp\/v2\/types\/post"}],"author":[{"embeddable":true,"href":"https:\/\/www.lodelmomentoloja.com\/index.php?rest_route=\/wp\/v2\/users\/1"}],"replies":[{"embeddable":true,"href":"https:\/\/www.lodelmomentoloja.com\/index.php?rest_route=%2Fwp%2Fv2%2Fcomments&post=3098"}],"version-history":[{"count":1,"href":"https:\/\/www.lodelmomentoloja.com\/index.php?rest_route=\/wp\/v2\/posts\/3098\/revisions"}],"predecessor-version":[{"id":3100,"href":"https:\/\/www.lodelmomentoloja.com\/index.php?rest_route=\/wp\/v2\/posts\/3098\/revisions\/3100"}],"wp:featuredmedia":[{"embeddable":true,"href":"https:\/\/www.lodelmomentoloja.com\/index.php?rest_route=\/wp\/v2\/media\/3099"}],"wp:attachment":[{"href":"https:\/\/www.lodelmomentoloja.com\/index.php?rest_route=%2Fwp%2Fv2%2Fmedia&parent=3098"}],"wp:term":[{"taxonomy":"category","embeddable":true,"href":"https:\/\/www.lodelmomentoloja.com\/index.php?rest_route=%2Fwp%2Fv2%2Fcategories&post=3098"},{"taxonomy":"post_tag","embeddable":true,"href":"https:\/\/www.lodelmomentoloja.com\/index.php?rest_route=%2Fwp%2Fv2%2Ftags&post=3098"}],"curies":[{"name":"wp","href":"https:\/\/api.w.org\/{rel}","templated":true}]}}