{"id":3095,"date":"2021-03-16T19:00:09","date_gmt":"2021-03-16T19:00:09","guid":{"rendered":"http:\/\/www.lodelmomentoloja.com\/?p=3095"},"modified":"2021-03-17T00:11:52","modified_gmt":"2021-03-17T00:11:52","slug":"hoy-se-cumple-un-ano-de-confinamiento-en-ecuador","status":"publish","type":"post","link":"https:\/\/www.lodelmomentoloja.com\/?p=3095","title":{"rendered":"Hoy se cumple un a\u00f1o de confinamiento en Ecuador"},"content":{"rendered":"<p>#Nacional | Hoy se cumple un a\u00f1o desde la declaratoria de emergencia sanitaria en Ecuador.<\/p>\n<p>El 11 de marzo, la OMS declaraba oficialmente la pandemia por el brote del nuevo coronavirus causante de la COVID-19 y pocos d\u00edas despu\u00e9s, el 16 de marzo, en Ecuador se declaraba el estado de alarma.<\/p>\n<p>El primer mandatario se pronuncio v\u00eda Twitter: &#8220;Hemos vivido el a\u00f1o m\u00e1s duro en la historia del pa\u00eds. Juntos nos hemos esforzado para superarlo, juntos saldremos adelante. Es tiempo de alimentar la esperanza de retomar la vida con un objetivo com\u00fan: \u00a1el bienestar de todos los ecuatorianos&#8221;<\/p>\n<p>www.lodelmomentoloja.com<br \/>\n#LDMnoticias #lodelmomentolojaLDM<\/p>\n","protected":false},"excerpt":{"rendered":"<p>#Nacional | Hoy se cumple un a\u00f1o desde la declaratoria de emergencia sanitaria en Ecuador&#8230;.<\/p>\n","protected":false},"author":1,"featured_media":3096,"comment_status":"open","ping_status":"open","sticky":false,"template":"","format":"standard","meta":{"footnotes":""},"categories":[1],"tags":[],"class_list":["post-3095","post","type-post","status-publish","format-standard","has-post-thumbnail","hentry","category-inicio"],"_links":{"self":[{"href":"https:\/\/www.lodelmomentoloja.com\/index.php?rest_route=\/wp\/v2\/posts\/3095"}],"collection":[{"href":"https:\/\/www.lodelmomentoloja.com\/index.php?rest_route=\/wp\/v2\/posts"}],"about":[{"href":"https:\/\/www.lodelmomentoloja.com\/index.php?rest_route=\/wp\/v2\/types\/post"}],"author":[{"embeddable":true,"href":"https:\/\/www.lodelmomentoloja.com\/index.php?rest_route=\/wp\/v2\/users\/1"}],"replies":[{"embeddable":true,"href":"https:\/\/www.lodelmomentoloja.com\/index.php?rest_route=%2Fwp%2Fv2%2Fcomments&post=3095"}],"version-history":[{"count":1,"href":"https:\/\/www.lodelmomentoloja.com\/index.php?rest_route=\/wp\/v2\/posts\/3095\/revisions"}],"predecessor-version":[{"id":3097,"href":"https:\/\/www.lodelmomentoloja.com\/index.php?rest_route=\/wp\/v2\/posts\/3095\/revisions\/3097"}],"wp:featuredmedia":[{"embeddable":true,"href":"https:\/\/www.lodelmomentoloja.com\/index.php?rest_route=\/wp\/v2\/media\/3096"}],"wp:attachment":[{"href":"https:\/\/www.lodelmomentoloja.com\/index.php?rest_route=%2Fwp%2Fv2%2Fmedia&parent=3095"}],"wp:term":[{"taxonomy":"category","embeddable":true,"href":"https:\/\/www.lodelmomentoloja.com\/index.php?rest_route=%2Fwp%2Fv2%2Fcategories&post=3095"},{"taxonomy":"post_tag","embeddable":true,"href":"https:\/\/www.lodelmomentoloja.com\/index.php?rest_route=%2Fwp%2Fv2%2Ftags&post=3095"}],"curies":[{"name":"wp","href":"https:\/\/api.w.org\/{rel}","templated":true}]}}