{"id":30640,"date":"2026-03-17T11:42:34","date_gmt":"2026-03-17T11:42:34","guid":{"rendered":"https:\/\/www.lodelmomentoloja.com\/?p=30640"},"modified":"2026-03-17T16:48:24","modified_gmt":"2026-03-17T16:48:24","slug":"cristian-zamora-y-aquiles-alvarez-los-dos-alcaldes-que-han-enfrentado-allanamientos","status":"publish","type":"post","link":"https:\/\/www.lodelmomentoloja.com\/?p=30640","title":{"rendered":"Cristian Zamora y Aquiles \u00c1lvarez los dos alcaldes que han enfrentado allanamientos"},"content":{"rendered":"<p class=\"_aupe copyable-text x15bjb6t x1n2onr6\"><span class=\"x1rg5ohu x16dsc37 x19la9d6 x1fc57z9 x6ikm8r x10wlt62 x19co3pv x11tp94h xw4jnvo x1qx5ct2 xfibh0p xiy17q3 x1xsqp64 x1lkfr7t xexx8yu xyri2b x18d9i69 x1c1uobl\"><span class=\"xrtxmta x1bhl96m\"><img loading=\"lazy\" decoding=\"async\" class=\"wp-image-30641 aligncenter\" src=\"http:\/\/www.lodelmomentoloja.com\/wp-content\/uploads\/2026\/03\/VIDEO-ALCALDES-300x169.jpg\" alt=\"\" width=\"896\" height=\"505\" srcset=\"https:\/\/www.lodelmomentoloja.com\/wp-content\/uploads\/2026\/03\/VIDEO-ALCALDES-300x169.jpg 300w, https:\/\/www.lodelmomentoloja.com\/wp-content\/uploads\/2026\/03\/VIDEO-ALCALDES-1024x576.jpg 1024w, https:\/\/www.lodelmomentoloja.com\/wp-content\/uploads\/2026\/03\/VIDEO-ALCALDES-768x432.jpg 768w, https:\/\/www.lodelmomentoloja.com\/wp-content\/uploads\/2026\/03\/VIDEO-ALCALDES-640x360.jpg 640w, https:\/\/www.lodelmomentoloja.com\/wp-content\/uploads\/2026\/03\/VIDEO-ALCALDES-1536x864.jpg 1536w, https:\/\/www.lodelmomentoloja.com\/wp-content\/uploads\/2026\/03\/VIDEO-ALCALDES.jpg 1920w\" sizes=\"(max-width: 896px) 100vw, 896px\" \/><\/p>\n<p>\ud83e\udd2f<\/span><\/span><span class=\"x1rg5ohu x16dsc37 x19la9d6 x1fc57z9 x6ikm8r x10wlt62 x19co3pv x11tp94h xw4jnvo x1qx5ct2 xfibh0p xiy17q3 x1xsqp64 x1lkfr7t xexx8yu xyri2b x18d9i69 x1c1uobl\"><span class=\"xrtxmta x1bhl96m\">\ud83d\udea8<\/span><\/span><span class=\"x1rg5ohu x16dsc37 x19la9d6 x1fc57z9 x6ikm8r x10wlt62 x19co3pv x11tp94h xw4jnvo x1qx5ct2 xfibh0p xiy17q3 x1xsqp64 x1lkfr7t xexx8yu xyri2b x18d9i69 x1c1uobl\"><span class=\"xrtxmta x1bhl96m\">\ud83d\udc49\ud83c\udffb<\/span><\/span><span class=\"_aupe copyable-text xkrh14z\"> \u00a1Ya son dos! Cristian Zamora y Aquiles \u00c1lvarez son los dos alcaldes que han enfrentado allanamientos en el marco de investigaciones realizadas por la Fiscal\u00eda General del Estado en medio de investigaciones por presuntos d3l1t0s como d3l1ncv3nc1a organizada, l4v4d0 de activos o incumplimiento de disposiciones legales.<br \/>\n<\/span><\/p>\n<div style=\"width: 640px;\" class=\"wp-video\"><!--[if lt IE 9]><script>document.createElement('video');<\/script><![endif]-->\n<video class=\"wp-video-shortcode\" id=\"video-30640-1\" width=\"640\" height=\"360\" preload=\"metadata\" controls=\"controls\"><source type=\"video\/mp4\" src=\"http:\/\/www.lodelmomentoloja.com\/wp-content\/uploads\/2026\/03\/DOS-ALCALDES-ENFRENTAN-ALLANAMIENTOS-REDUCIDO.mp4?_=1\" \/><a href=\"http:\/\/www.lodelmomentoloja.com\/wp-content\/uploads\/2026\/03\/DOS-ALCALDES-ENFRENTAN-ALLANAMIENTOS-REDUCIDO.mp4\">http:\/\/www.lodelmomentoloja.com\/wp-content\/uploads\/2026\/03\/DOS-ALCALDES-ENFRENTAN-ALLANAMIENTOS-REDUCIDO.mp4<\/a><\/video><\/div>\n<p class=\"_aupe copyable-text x15bjb6t x1n2onr6\"><span class=\"_aupe copyable-text xkrh14z\"><\/p>\n<p>La madrugada de este martes 17 de marzo, agentes de la Polic\u00eda realizaron un allanamiento en la vivienda del alcalde de Cuenca, Cristian Zamora una acci\u00f3n a la que el burgomaestre calific\u00f3 como &#8220;un gran show&#8221; y &#8220;una ridiculez&#8221;.<br \/>\n<\/span><\/p>\n<p>A trav\u00e9s de redes sociales, Zamora comparti\u00f3 un v\u00eddeo en el que mencion\u00f3 que la causa ser\u00eda una investigaci\u00f3n sobre movimientos en sus cuentas durante un periodo de cinco a\u00f1os por un valor de USD 80 mil, que seg\u00fan la investigaci\u00f3n no tendr\u00eda justificaci\u00f3n. Zamora defendi\u00f3 las cuentas que fueron observadas y justific\u00f3 los rubros observados.<\/p>\n<p>Por su parte, la Fiscal\u00eda General del Estado detall\u00f3 que los allanamientos se llevaron a cabo en 2 domicilios y en el despacho de la Alcald\u00eda de Cuenca en el marco de una investigaci\u00f3n por el presunto d3l1t0 de 3nr1qu3c1m13nt0 il\u00edcito.<\/p>\n<p>Zamora dijo que colabor\u00f3 con el procedimiento que dur\u00f3 1H30 aproximadamente, e indic\u00f3 que la indagaci\u00f3n se centra en tres rubros cuya justificaci\u00f3n las autoridades no encontraron.<\/p>\n<p>Pero este no es un caso aislado, otro hecho similar, ocurri\u00f3 hace poco m\u00e1s de un mes con el alcalde de Guayaquil, Aquiles \u00c1lvarez quien fue detenido en el Caso Goleada por presunta d3l1ncv3nc14 organizada y defraudaci\u00f3n tributaria.<\/p>\n<p>\u00c1lvarez permanece bajo prisi\u00f3n preventiva en la c\u00e1rcel del Encuentro por la investigaci\u00f3n del caso Triple A y quien fue trasladado a dicho centro penitenciario para precautelar su integridad, seg\u00fan el Gobierno.<\/p>\n<p>Por ahora, las diligencias contin\u00faan y ser\u00e1 la justicia la que determine responsabilidades en cada uno de estos casos que siguen generando controversia en el escenario pol\u00edtico ecuatoriano.<\/p>\n<p class=\"_aupe copyable-text x15bjb6t x1n2onr6\"><span class=\"x1rg5ohu x16dsc37 x19la9d6 x1fc57z9 x6ikm8r x10wlt62 x19co3pv x11tp94h xw4jnvo x1qx5ct2 xfibh0p xiy17q3 x1xsqp64 x1lkfr7t xexx8yu xyri2b x18d9i69 x1c1uobl\"><span class=\"xrtxmta x1bhl96m\">\ud83c\udf10<\/span><\/span><span class=\"x1rg5ohu x16dsc37 x19la9d6 x1fc57z9 x6ikm8r x10wlt62 x19co3pv x11tp94h xw4jnvo x1qx5ct2 xfibh0p xiy17q3 x1xsqp64 x1lkfr7t xexx8yu xyri2b x18d9i69 x1c1uobl\"><span class=\"xrtxmta x1bhl96m\">\u2705<\/span><\/span><span class=\"_aupe copyable-text xkrh14z\"> S\u00edguenos en nuestra p\u00e1gina verificada: <\/span><span class=\"_aupe copyable-text xkrh14z\">facebook.com\/lodelmomentolojaEC<\/span><\/p>\n<p class=\"_aupe copyable-text x15bjb6t x1n2onr6\"><span class=\"x1rg5ohu x16dsc37 x19la9d6 x1fc57z9 x6ikm8r x10wlt62 x19co3pv x11tp94h xw4jnvo x1qx5ct2 xfibh0p xiy17q3 x1xsqp64 x1lkfr7t xexx8yu xyri2b x18d9i69 x1c1uobl\"><span class=\"xrtxmta x1bhl96m\">\ud83c\udf10<\/span><\/span><span class=\"_aupe copyable-text xkrh14z\"> Sitio web: <\/span><span class=\"_aupe copyable-text xkrh14z\">www.lodelmomentoloja.com<\/span><\/p>\n<p class=\"_aupe copyable-text x15bjb6t x1n2onr6\"><span class=\"_aupe copyable-text xkrh14z\">#LDMnoticias #lodelmomentolojaLDM #Loja<\/span><\/p>\n","protected":false},"excerpt":{"rendered":"<p>\ud83e\udd2f\ud83d\udea8\ud83d\udc49\ud83c\udffb \u00a1Ya son dos! Cristian Zamora y Aquiles \u00c1lvarez son los dos alcaldes que han&#8230;<\/p>\n","protected":false},"author":1,"featured_media":0,"comment_status":"open","ping_status":"open","sticky":false,"template":"","format":"standard","meta":{"footnotes":""},"categories":[7,1,4,5],"tags":[],"class_list":["post-30640","post","type-post","status-publish","format-standard","hentry","category-ecuador","category-inicio","category-internacional","category-loja"],"_links":{"self":[{"href":"https:\/\/www.lodelmomentoloja.com\/index.php?rest_route=\/wp\/v2\/posts\/30640"}],"collection":[{"href":"https:\/\/www.lodelmomentoloja.com\/index.php?rest_route=\/wp\/v2\/posts"}],"about":[{"href":"https:\/\/www.lodelmomentoloja.com\/index.php?rest_route=\/wp\/v2\/types\/post"}],"author":[{"embeddable":true,"href":"https:\/\/www.lodelmomentoloja.com\/index.php?rest_route=\/wp\/v2\/users\/1"}],"replies":[{"embeddable":true,"href":"https:\/\/www.lodelmomentoloja.com\/index.php?rest_route=%2Fwp%2Fv2%2Fcomments&post=30640"}],"version-history":[{"count":1,"href":"https:\/\/www.lodelmomentoloja.com\/index.php?rest_route=\/wp\/v2\/posts\/30640\/revisions"}],"predecessor-version":[{"id":30643,"href":"https:\/\/www.lodelmomentoloja.com\/index.php?rest_route=\/wp\/v2\/posts\/30640\/revisions\/30643"}],"wp:attachment":[{"href":"https:\/\/www.lodelmomentoloja.com\/index.php?rest_route=%2Fwp%2Fv2%2Fmedia&parent=30640"}],"wp:term":[{"taxonomy":"category","embeddable":true,"href":"https:\/\/www.lodelmomentoloja.com\/index.php?rest_route=%2Fwp%2Fv2%2Fcategories&post=30640"},{"taxonomy":"post_tag","embeddable":true,"href":"https:\/\/www.lodelmomentoloja.com\/index.php?rest_route=%2Fwp%2Fv2%2Ftags&post=30640"}],"curies":[{"name":"wp","href":"https:\/\/api.w.org\/{rel}","templated":true}]}}