{"id":30607,"date":"2026-03-16T11:02:06","date_gmt":"2026-03-16T11:02:06","guid":{"rendered":"https:\/\/www.lodelmomentoloja.com\/?p=30607"},"modified":"2026-03-16T16:05:17","modified_gmt":"2026-03-16T16:05:17","slug":"eduardo-ruiz-lopez-como-nuevo-director-provincial-del-iess-en-loja","status":"publish","type":"post","link":"https:\/\/www.lodelmomentoloja.com\/?p=30607","title":{"rendered":"Eduardo Ruiz L\u00f3pez como nuevo director provincial del IESS en Loja"},"content":{"rendered":"<p>\ud83c\udfe5\ud83d\udcc4\ud83e\udd1d\ud83c\udffb\u00a1Nuevo al cargo! Este lunes 16 de marzo se confirm\u00f3 la designaci\u00f3n de Eduardo Ruiz L\u00f3pez como nuevo director provincial del IESS en Loja, luego de la remoci\u00f3n de Luis Armando Villegas, en medio de cuestionamientos a su gesti\u00f3n y tras la reciente marcha para exigir cambios urgentes dentro de la instituci\u00f3n, debido a reclamos por la atenci\u00f3n, los servicios y el manejo administrativo. La designaci\u00f3n genera expectativa entre los afiliados, quienes esperan respuestas concretas frente a los problemas que arrastra la entidad en la provincia.<\/p>\n<p>\ud83c\udf10\u2705 S\u00edguenos en nuestra p\u00e1gina verificada: facebook.com\/lodelmomentolojaEC<\/p>\n<p>\ud83c\udf10 Sitio web: www.lodelmomentoloja.com<br \/>\n#LDMnoticias #lodelmomentolojaLDM #Loja<\/p>\n","protected":false},"excerpt":{"rendered":"<p>\ud83c\udfe5\ud83d\udcc4\ud83e\udd1d\ud83c\udffb\u00a1Nuevo al cargo! Este lunes 16 de marzo se confirm\u00f3 la designaci\u00f3n de Eduardo Ruiz&#8230;<\/p>\n","protected":false},"author":1,"featured_media":30608,"comment_status":"open","ping_status":"open","sticky":false,"template":"","format":"standard","meta":{"footnotes":""},"categories":[7,1,5],"tags":[],"class_list":["post-30607","post","type-post","status-publish","format-standard","has-post-thumbnail","hentry","category-ecuador","category-inicio","category-loja"],"_links":{"self":[{"href":"https:\/\/www.lodelmomentoloja.com\/index.php?rest_route=\/wp\/v2\/posts\/30607"}],"collection":[{"href":"https:\/\/www.lodelmomentoloja.com\/index.php?rest_route=\/wp\/v2\/posts"}],"about":[{"href":"https:\/\/www.lodelmomentoloja.com\/index.php?rest_route=\/wp\/v2\/types\/post"}],"author":[{"embeddable":true,"href":"https:\/\/www.lodelmomentoloja.com\/index.php?rest_route=\/wp\/v2\/users\/1"}],"replies":[{"embeddable":true,"href":"https:\/\/www.lodelmomentoloja.com\/index.php?rest_route=%2Fwp%2Fv2%2Fcomments&post=30607"}],"version-history":[{"count":1,"href":"https:\/\/www.lodelmomentoloja.com\/index.php?rest_route=\/wp\/v2\/posts\/30607\/revisions"}],"predecessor-version":[{"id":30609,"href":"https:\/\/www.lodelmomentoloja.com\/index.php?rest_route=\/wp\/v2\/posts\/30607\/revisions\/30609"}],"wp:featuredmedia":[{"embeddable":true,"href":"https:\/\/www.lodelmomentoloja.com\/index.php?rest_route=\/wp\/v2\/media\/30608"}],"wp:attachment":[{"href":"https:\/\/www.lodelmomentoloja.com\/index.php?rest_route=%2Fwp%2Fv2%2Fmedia&parent=30607"}],"wp:term":[{"taxonomy":"category","embeddable":true,"href":"https:\/\/www.lodelmomentoloja.com\/index.php?rest_route=%2Fwp%2Fv2%2Fcategories&post=30607"},{"taxonomy":"post_tag","embeddable":true,"href":"https:\/\/www.lodelmomentoloja.com\/index.php?rest_route=%2Fwp%2Fv2%2Ftags&post=30607"}],"curies":[{"name":"wp","href":"https:\/\/api.w.org\/{rel}","templated":true}]}}