{"id":30590,"date":"2026-03-13T16:29:39","date_gmt":"2026-03-13T16:29:39","guid":{"rendered":"https:\/\/www.lodelmomentoloja.com\/?p=30590"},"modified":"2026-03-13T21:31:36","modified_gmt":"2026-03-13T21:31:36","slug":"invierno-desata-el-caos-en-el-sur-del-pais-miles-de-afectados-en-loja-y-el-oro","status":"publish","type":"post","link":"https:\/\/www.lodelmomentoloja.com\/?p=30590","title":{"rendered":"Invierno desata el caos en el sur del pa\u00eds: miles de afectados en Loja y El Oro"},"content":{"rendered":"<p class=\"_aupe copyable-text x15bjb6t x1n2onr6\"><span class=\"x1rg5ohu x16dsc37 x19la9d6 x1fc57z9 x6ikm8r x10wlt62 x19co3pv x11tp94h xw4jnvo x1qx5ct2 xfibh0p xiy17q3 x1xsqp64 x1lkfr7t xexx8yu xyri2b x18d9i69 x1c1uobl\"><span class=\"xrtxmta x1bhl96m\"><img loading=\"lazy\" decoding=\"async\" class=\"wp-image-30592 aligncenter\" src=\"http:\/\/www.lodelmomentoloja.com\/wp-content\/uploads\/2026\/03\/NOTA-VIDEO-DESASTRES.jpg-300x169.jpeg\" alt=\"\" width=\"896\" height=\"505\" srcset=\"https:\/\/www.lodelmomentoloja.com\/wp-content\/uploads\/2026\/03\/NOTA-VIDEO-DESASTRES.jpg-300x169.jpeg 300w, https:\/\/www.lodelmomentoloja.com\/wp-content\/uploads\/2026\/03\/NOTA-VIDEO-DESASTRES.jpg-1024x576.jpeg 1024w, https:\/\/www.lodelmomentoloja.com\/wp-content\/uploads\/2026\/03\/NOTA-VIDEO-DESASTRES.jpg-768x432.jpeg 768w, https:\/\/www.lodelmomentoloja.com\/wp-content\/uploads\/2026\/03\/NOTA-VIDEO-DESASTRES.jpg-640x360.jpeg 640w, https:\/\/www.lodelmomentoloja.com\/wp-content\/uploads\/2026\/03\/NOTA-VIDEO-DESASTRES.jpg-1536x864.jpeg 1536w, https:\/\/www.lodelmomentoloja.com\/wp-content\/uploads\/2026\/03\/NOTA-VIDEO-DESASTRES.jpg.jpeg 1920w\" sizes=\"(max-width: 896px) 100vw, 896px\" \/><\/p>\n<p>\ud83d\udea8<\/span><\/span><span class=\"x1rg5ohu x16dsc37 x19la9d6 x1fc57z9 x6ikm8r x10wlt62 x19co3pv x11tp94h xw4jnvo x1qx5ct2 xfibh0p xiy17q3 x1xsqp64 x1lkfr7t xexx8yu xyri2b x18d9i69 x1c1uobl\"><span class=\"xrtxmta x1bhl96m\">\u26c8\ufe0f<\/span><\/span><span class=\"x1rg5ohu x16dsc37 x19la9d6 x1fc57z9 x6ikm8r x10wlt62 x19co3pv x11tp94h xw4jnvo x1qx5ct2 xfibh0p xiy17q3 x1xsqp64 x1lkfr7t xexx8yu xyri2b x18d9i69 x1c1uobl\"><span class=\"xrtxmta x1bhl96m\">\ud83d\udea7<\/span><\/span><span class=\"_aupe copyable-text xkrh14z\"> \u00a14L3RT4 m\u00e1xima! Las intensas lluvias no dan tregua y el impacto en el sur del pa\u00eds, es cada vez, m\u00e1s alarmante. Las provincias de Loja y El Oro enfrentan una situaci\u00f3n cr\u00edtica tras dos meses de emergencias provocadas por el invierno. En el siguiente reportaje te contamos los detalles<\/span><\/p>\n<div style=\"width: 640px;\" class=\"wp-video\"><!--[if lt IE 9]><script>document.createElement('video');<\/script><![endif]-->\n<video class=\"wp-video-shortcode\" id=\"video-30590-1\" width=\"640\" height=\"360\" preload=\"metadata\" controls=\"controls\"><source type=\"video\/mp4\" src=\"http:\/\/www.lodelmomentoloja.com\/wp-content\/uploads\/2026\/03\/LOJA-Y-EL-ORO-AFECTADOS-POR-LAS-LLUVIAS-REDUCIDO.mp4?_=1\" \/><a href=\"http:\/\/www.lodelmomentoloja.com\/wp-content\/uploads\/2026\/03\/LOJA-Y-EL-ORO-AFECTADOS-POR-LAS-LLUVIAS-REDUCIDO.mp4\">http:\/\/www.lodelmomentoloja.com\/wp-content\/uploads\/2026\/03\/LOJA-Y-EL-ORO-AFECTADOS-POR-LAS-LLUVIAS-REDUCIDO.mp4<\/a><\/video><\/div>\n<p>Tan solo en la provincia de Loja, la Secretaria de Gesti\u00f3n de Riesgos informa que desde el 1 de enero con corte al 11 de marzo de 2026, se han registrado 117 eventos adversos en 15 cantones, siendo los deslizamientos los m\u00e1s recurrentes, seguidos de inundaciones, lluvias intensas y hundimientos. Dejando 2.571 personas afectadas, 49 damnificadas y 735 familias g0lp34d4s los estragos.<\/p>\n<p>Estos eventos tambi\u00e9n provocaron afectaciones a la infraestructura y educaci\u00f3n, al menos 324 viviendas resultaron afectadas y 8 fueron destruidas, mientras 105 unidades educativas registran da\u00f1os funcionales o estructurales, lo que compromete el desarrollo normal de las clases en varios sectores y varios kil\u00f3metros de v\u00edas d3sstrv1d0s.<\/p>\n<p>En el \u00e1mbito agr\u00edcola, 158 hect\u00e1reas agr\u00edcolas han sido impactadas y m\u00e1s de 300 animales han mv3rt0, agravando la crisis econ\u00f3mica de la zona rural.<\/p>\n<p>Zapotillo encabeza la lista como el cant\u00f3n con mayor impacto dejando afecciones a 1.466 personas afectadas y 8 eventos, seguido de Celica con 393 personas afectada y 11 eventos. Pindal registra 383 y 23 eventos. Puyango tiene 328 perjudicados y 16 eventos, Loja 33 con 12 fen\u00f3menos, Quilanga 33 damnifcados y 12 hechos, y Chaguarpamba 5 afectados y 15 eventos naturales.<\/p>\n<p>Es por ello que, el pasado 27 de febrero Gesti\u00f3n de Riesgos declar\u00f3 el Estado de Emergencia Regional por \u00e9poca lluviosa, debido al nivel de impacto a la poblaci\u00f3n, la red vial, la infraestructura y los medios de vida, debido a los sucesos que afectas a provincias como Guayas, Esmeraldas, El Oro, Los R\u00edos, Manab\u00ed, Santa Elena, Loja y Chimborazo. Mientras que, desde el 20 de febrero, Carchi, Esmeraldas, Guayas, Loja, Los R\u00edos y Pichincha, cambiaron de alerta naranja a roja debido al incremento de las lluvias.<\/p>\n<p>La provincia de El Oro, tambi\u00e9n enfrenta un escenario desalentador. Con corte al 11 de marzo, la Secretaria contabiliza 210 eventos adversos, principalmente inundaciones y deslizamientos, que han dejado una estela de d3strvcc1\u00f3n en al menos 14 cantones. Se registran 5.701 personas afectadas, 476 damnificadas y m\u00e1s de 2.000 familias g0lp34d4s por las lluvias.<\/p>\n<p>En cuanto al impacto estructural, 1.953 viviendas afectadas, 25 destruidas, 62 instituciones educativas con da\u00f1os funcionales y m\u00e1s de 2 kil\u00f3metros de v\u00edas comprometidas, adem\u00e1s de puentes da\u00f1ados y cultivos perdidos. Cantones como Santa Rosa, Las Lajas y Pi\u00f1as concentran gran parte de las emergencias.<\/p>\n<p>En Loja 10 COE Cantonales se mantienen activos y 14 en El Oro; las autoridades hacen un llamado a la ciudadan\u00eda para que tomen las debidas precauciones ante futuros eventos. Es por ello que, la media noche del jueves 12 de marzo, el Gobierno Nacional declar\u00f3 emergencia nacional ante el impacto de la temporada lluviosa, la decisi\u00f3n fue adoptada por la Secretar\u00eda de Gesti\u00f3n de Riesgos y permanecer\u00e1 vigente por los pr\u00f3ximos 60 d\u00edas.<\/p>\n<p class=\"_aupe copyable-text x15bjb6t x1n2onr6\"><span class=\"x1rg5ohu x16dsc37 x19la9d6 x1fc57z9 x6ikm8r x10wlt62 x19co3pv x11tp94h xw4jnvo x1qx5ct2 xfibh0p xiy17q3 x1xsqp64 x1lkfr7t xexx8yu xyri2b x18d9i69 x1c1uobl\"><span class=\"xrtxmta x1bhl96m\">\ud83c\udf10<\/span><\/span><span class=\"x1rg5ohu x16dsc37 x19la9d6 x1fc57z9 x6ikm8r x10wlt62 x19co3pv x11tp94h xw4jnvo x1qx5ct2 xfibh0p xiy17q3 x1xsqp64 x1lkfr7t xexx8yu xyri2b x18d9i69 x1c1uobl\"><span class=\"xrtxmta x1bhl96m\">\u2705<\/span><\/span><span class=\"_aupe copyable-text xkrh14z\"> S\u00edguenos en nuestra p\u00e1gina verificada: <\/span><span class=\"_aupe copyable-text xkrh14z\">facebook.com\/lodelmomentolojaEC<\/span><\/p>\n<p class=\"_aupe copyable-text x15bjb6t x1n2onr6\"><span class=\"x1rg5ohu x16dsc37 x19la9d6 x1fc57z9 x6ikm8r x10wlt62 x19co3pv x11tp94h xw4jnvo x1qx5ct2 xfibh0p xiy17q3 x1xsqp64 x1lkfr7t xexx8yu xyri2b x18d9i69 x1c1uobl\"><span class=\"xrtxmta x1bhl96m\">\ud83c\udf10<\/span><\/span><span class=\"_aupe copyable-text xkrh14z\"> Sitio web: <\/span><span class=\"_aupe copyable-text xkrh14z\">www.lodelmomentoloja.com<\/span><\/p>\n<p class=\"_aupe copyable-text x15bjb6t x1n2onr6\"><span class=\"_aupe copyable-text xkrh14z\">#LDMnoticias #lodelmomentolojaLDM #Loja<\/span><\/p>\n","protected":false},"excerpt":{"rendered":"<p>\ud83d\udea8\u26c8\ufe0f\ud83d\udea7 \u00a14L3RT4 m\u00e1xima! Las intensas lluvias no dan tregua y el impacto en el sur&#8230;<\/p>\n","protected":false},"author":1,"featured_media":0,"comment_status":"open","ping_status":"open","sticky":false,"template":"","format":"standard","meta":{"footnotes":""},"categories":[7,1,5],"tags":[],"class_list":["post-30590","post","type-post","status-publish","format-standard","hentry","category-ecuador","category-inicio","category-loja"],"_links":{"self":[{"href":"https:\/\/www.lodelmomentoloja.com\/index.php?rest_route=\/wp\/v2\/posts\/30590"}],"collection":[{"href":"https:\/\/www.lodelmomentoloja.com\/index.php?rest_route=\/wp\/v2\/posts"}],"about":[{"href":"https:\/\/www.lodelmomentoloja.com\/index.php?rest_route=\/wp\/v2\/types\/post"}],"author":[{"embeddable":true,"href":"https:\/\/www.lodelmomentoloja.com\/index.php?rest_route=\/wp\/v2\/users\/1"}],"replies":[{"embeddable":true,"href":"https:\/\/www.lodelmomentoloja.com\/index.php?rest_route=%2Fwp%2Fv2%2Fcomments&post=30590"}],"version-history":[{"count":1,"href":"https:\/\/www.lodelmomentoloja.com\/index.php?rest_route=\/wp\/v2\/posts\/30590\/revisions"}],"predecessor-version":[{"id":30593,"href":"https:\/\/www.lodelmomentoloja.com\/index.php?rest_route=\/wp\/v2\/posts\/30590\/revisions\/30593"}],"wp:attachment":[{"href":"https:\/\/www.lodelmomentoloja.com\/index.php?rest_route=%2Fwp%2Fv2%2Fmedia&parent=30590"}],"wp:term":[{"taxonomy":"category","embeddable":true,"href":"https:\/\/www.lodelmomentoloja.com\/index.php?rest_route=%2Fwp%2Fv2%2Fcategories&post=30590"},{"taxonomy":"post_tag","embeddable":true,"href":"https:\/\/www.lodelmomentoloja.com\/index.php?rest_route=%2Fwp%2Fv2%2Ftags&post=30590"}],"curies":[{"name":"wp","href":"https:\/\/api.w.org\/{rel}","templated":true}]}}