{"id":30571,"date":"2026-03-13T09:27:40","date_gmt":"2026-03-13T09:27:40","guid":{"rendered":"https:\/\/www.lodelmomentoloja.com\/?p=30571"},"modified":"2026-03-13T15:28:42","modified_gmt":"2026-03-13T15:28:42","slug":"gobierno-declaro-emergencia-nacional-por-temporada-lluviosa","status":"publish","type":"post","link":"https:\/\/www.lodelmomentoloja.com\/?p=30571","title":{"rendered":"Gobierno declar\u00f3 emergencia nacional por temporada lluviosa."},"content":{"rendered":"<p>\ud83d\ude31\ud83d\udea8\ud83d\udcc4\u00a1En emergencia! El Gobierno de Ecuador declar\u00f3 emergencia nacional la medianoche del jueves 12 de marzo de 2026 ante el impacto de la temporada lluviosa \u201cen la poblaci\u00f3n, la red vial, la infraestructura y los medios de vida\u201d. La decisi\u00f3n fue adoptada por la Secretar\u00eda Nacional de Gesti\u00f3n de Riesgos para reforzar la respuesta frente a las afectaciones registradas en el pa\u00eds y durar\u00e1 60 d\u00edas.<\/p>\n<p>Hasta el momento se registran 11 f4ll3c1d0s, principalmente por derrumbes, adem\u00e1s de 24 personas h3r1d4s y 3.752 damnificadas. Se reportan da\u00f1os: 82 viviendas destruidas, 844 unidades educativas con afectaciones funcionales, 31 centros de salud afectados, 19 puentes colapsados y alrededor de 35 kil\u00f3metros de carreteras da\u00f1adas.<\/p>\n<p>\ud83c\udf10\u2705 S\u00edguenos en nuestra p\u00e1gina verificada: facebook.com\/lodelmomentolojaEC<\/p>\n<p>\ud83c\udf10 Sitio web: www.lodelmomentoloja.com<br \/>\n#Loja #LDMnoticias #lodelmomentolojaLDM<\/p>\n","protected":false},"excerpt":{"rendered":"<p>\ud83d\ude31\ud83d\udea8\ud83d\udcc4\u00a1En emergencia! El Gobierno de Ecuador declar\u00f3 emergencia nacional la medianoche del jueves 12 de&#8230;<\/p>\n","protected":false},"author":1,"featured_media":30572,"comment_status":"open","ping_status":"open","sticky":false,"template":"","format":"standard","meta":{"footnotes":""},"categories":[7,1,5],"tags":[],"class_list":["post-30571","post","type-post","status-publish","format-standard","has-post-thumbnail","hentry","category-ecuador","category-inicio","category-loja"],"_links":{"self":[{"href":"https:\/\/www.lodelmomentoloja.com\/index.php?rest_route=\/wp\/v2\/posts\/30571"}],"collection":[{"href":"https:\/\/www.lodelmomentoloja.com\/index.php?rest_route=\/wp\/v2\/posts"}],"about":[{"href":"https:\/\/www.lodelmomentoloja.com\/index.php?rest_route=\/wp\/v2\/types\/post"}],"author":[{"embeddable":true,"href":"https:\/\/www.lodelmomentoloja.com\/index.php?rest_route=\/wp\/v2\/users\/1"}],"replies":[{"embeddable":true,"href":"https:\/\/www.lodelmomentoloja.com\/index.php?rest_route=%2Fwp%2Fv2%2Fcomments&post=30571"}],"version-history":[{"count":1,"href":"https:\/\/www.lodelmomentoloja.com\/index.php?rest_route=\/wp\/v2\/posts\/30571\/revisions"}],"predecessor-version":[{"id":30573,"href":"https:\/\/www.lodelmomentoloja.com\/index.php?rest_route=\/wp\/v2\/posts\/30571\/revisions\/30573"}],"wp:featuredmedia":[{"embeddable":true,"href":"https:\/\/www.lodelmomentoloja.com\/index.php?rest_route=\/wp\/v2\/media\/30572"}],"wp:attachment":[{"href":"https:\/\/www.lodelmomentoloja.com\/index.php?rest_route=%2Fwp%2Fv2%2Fmedia&parent=30571"}],"wp:term":[{"taxonomy":"category","embeddable":true,"href":"https:\/\/www.lodelmomentoloja.com\/index.php?rest_route=%2Fwp%2Fv2%2Fcategories&post=30571"},{"taxonomy":"post_tag","embeddable":true,"href":"https:\/\/www.lodelmomentoloja.com\/index.php?rest_route=%2Fwp%2Fv2%2Ftags&post=30571"}],"curies":[{"name":"wp","href":"https:\/\/api.w.org\/{rel}","templated":true}]}}