{"id":30540,"date":"2026-03-11T16:50:07","date_gmt":"2026-03-11T16:50:07","guid":{"rendered":"https:\/\/www.lodelmomentoloja.com\/?p=30540"},"modified":"2026-03-11T22:18:33","modified_gmt":"2026-03-11T22:18:33","slug":"las-vueltas-de-la-politica-el-correismo-enfrenta-hoy-lo-que-ayer-aplico-desde-el-poder","status":"publish","type":"post","link":"https:\/\/www.lodelmomentoloja.com\/?p=30540","title":{"rendered":"Las vueltas de la pol\u00edtica: el corre\u00edsmo enfrenta hoy lo que ayer aplic\u00f3 desde el poder"},"content":{"rendered":"<p class=\"_aupe copyable-text x15bjb6t x1n2onr6\"><span class=\"x19la9d6 x1fc57z9 x6ikm8r x10wlt62 x19co3pv x11tp94h xfibh0p xiy17q3 x1xsqp64 x1lkfr7t xexx8yu xyri2b x18d9i69 x1c1uobl\"><span class=\"xrtxmta x1bhl96m\"><img loading=\"lazy\" decoding=\"async\" class=\"wp-image-30542 aligncenter\" src=\"http:\/\/www.lodelmomentoloja.com\/wp-content\/uploads\/2026\/03\/NOTA-VIVI.jpg-300x169.jpeg\" alt=\"\" width=\"1005\" height=\"566\" srcset=\"https:\/\/www.lodelmomentoloja.com\/wp-content\/uploads\/2026\/03\/NOTA-VIVI.jpg-300x169.jpeg 300w, https:\/\/www.lodelmomentoloja.com\/wp-content\/uploads\/2026\/03\/NOTA-VIVI.jpg-1024x576.jpeg 1024w, https:\/\/www.lodelmomentoloja.com\/wp-content\/uploads\/2026\/03\/NOTA-VIVI.jpg-768x432.jpeg 768w, https:\/\/www.lodelmomentoloja.com\/wp-content\/uploads\/2026\/03\/NOTA-VIVI.jpg-640x360.jpeg 640w, https:\/\/www.lodelmomentoloja.com\/wp-content\/uploads\/2026\/03\/NOTA-VIVI.jpg-1536x864.jpeg 1536w, https:\/\/www.lodelmomentoloja.com\/wp-content\/uploads\/2026\/03\/NOTA-VIVI.jpg.jpeg 1920w\" sizes=\"(max-width: 1005px) 100vw, 1005px\" \/><br \/>\n\ud83d\ude05<\/span><\/span><span class=\"x19la9d6 x1fc57z9 x6ikm8r x10wlt62 x19co3pv x11tp94h xfibh0p xiy17q3 x1xsqp64 x1lkfr7t xexx8yu xyri2b x18d9i69 x1c1uobl\"><span class=\"xrtxmta x1bhl96m\">\ud83d\udd35<\/span><\/span><span class=\"x19la9d6 x1fc57z9 x6ikm8r x10wlt62 x19co3pv x11tp94h xfibh0p xiy17q3 x1xsqp64 x1lkfr7t xexx8yu xyri2b x18d9i69 x1c1uobl\"><span class=\"xrtxmta x1bhl96m\">\ud83d\udc40<\/span><\/span><span class=\"_aupe copyable-text xkrh14z\"> \u00a1Las vueltas de la pol\u00edtica! Un trago amargo es el que hoy vive la Revoluci\u00f3n Ciudadana con el levantamiento de la inmunidad parlamentaria al legislador Juan Andr\u00e9s Gonz\u00e1lez para procesarlo judicialmente por presuntas calumnias contra el bloque de ADN en la Asamblea Nacional. Una historia que revive el caso del exasamble\u00edsta Cl\u00e9ver Jim\u00e9nez durante el Gobierno de Rafael Correa.<\/p>\n<p><\/span><\/p>\n<div style=\"width: 640px;\" class=\"wp-video\"><!--[if lt IE 9]><script>document.createElement('video');<\/script><![endif]-->\n<video class=\"wp-video-shortcode\" id=\"video-30540-1\" width=\"640\" height=\"360\" preload=\"metadata\" controls=\"controls\"><source type=\"video\/mp4\" src=\"http:\/\/www.lodelmomentoloja.com\/wp-content\/uploads\/2026\/03\/LAS-VUELTAS-DE-LA-POLITICA-REDUCIDO.mp4?_=1\" \/><a href=\"http:\/\/www.lodelmomentoloja.com\/wp-content\/uploads\/2026\/03\/LAS-VUELTAS-DE-LA-POLITICA-REDUCIDO.mp4\">http:\/\/www.lodelmomentoloja.com\/wp-content\/uploads\/2026\/03\/LAS-VUELTAS-DE-LA-POLITICA-REDUCIDO.mp4<\/a><\/video><\/div>\n<p class=\"_aupe copyable-text x15bjb6t x1n2onr6\"><span class=\"_aupe copyable-text xkrh14z\">\u00a0<\/span><\/p>\n<p>La bancada corre\u00edsta denuncia que se trata de una persecuci\u00f3n pol\u00edtica y de un intento por silenciar la fiscalizaci\u00f3n. Sin embargo, el caso revive un episodio similar ocurrido hace m\u00e1s de una d\u00e9cada durante el Gobierno de Rafael Correa en contra del exasamble\u00edsta de Pachakutik, Cl\u00e9ver Jim\u00e9nez y su entonces asesor, Fernando Villavicencio.<\/p>\n<p>En 2013, ambos denunciaron al presidente por presuntos d3l1t0s relacionados con los hechos del Crisis pol\u00edtica en Ecuador de 2010, el conocido 30S. Aquella denuncia desat\u00f3 un proceso judicial por injurias en su contra. En ese entonces, la hoy extinta Alianza Pa\u00eds ten\u00eda el control de la mayor\u00eda de las instituciones, incluida la Asamblea Nacional.<\/p>\n<p>En medio de ese conflicto, la Fiscal\u00eda orden\u00f3 allanamientos a la oficina de Jim\u00e9nez en la Asamblea Nacional y a la vivienda de Villavicencio, con el objetivo de buscar documentos y equipos inform\u00e1ticos relacionados con una supuesta filtraci\u00f3n de correos electr\u00f3nicos de la Presidencia. Allanamiento que fueron autorizados por la entonces presidenta del Parlamento, Gabriela Rivadeneira, bas\u00e1ndose en el art. 203 del C\u00f3digo de Procedimiento Penal aduciendo que se trataba de \u201cun proceso de indagaci\u00f3n fiscal\u201d; mientras los implicados hablaban de persecuci\u00f3n pol\u00edtica.<\/p>\n<p>Hoy, en 2026, los papeles cambiaron, ahora es el corre\u00edsmo quien denuncia persecuci\u00f3n pol\u00edtica y los allanamientos realizados a militares del partido, hechos expuestos por quien preside la RC5, Gabriela Rivadeneira.<\/p>\n<p>Dos escenarios distintos que generan dudas \u00bfhasta d\u00f3nde llega la inmunidad legislativa y cu\u00e1ndo debe intervenir la justicia?<\/p>\n<p class=\"_aupe copyable-text x15bjb6t x1n2onr6\"><span class=\"x19la9d6 x1fc57z9 x6ikm8r x10wlt62 x19co3pv x11tp94h xfibh0p xiy17q3 x1xsqp64 x1lkfr7t xexx8yu xyri2b x18d9i69 x1c1uobl\"><span class=\"xrtxmta x1bhl96m\">\ud83c\udf10<\/span><\/span><span class=\"x19la9d6 x1fc57z9 x6ikm8r x10wlt62 x19co3pv x11tp94h xfibh0p xiy17q3 x1xsqp64 x1lkfr7t xexx8yu xyri2b x18d9i69 x1c1uobl\"><span class=\"xrtxmta x1bhl96m\">\u2705<\/span><\/span><span class=\"_aupe copyable-text xkrh14z\"> S\u00edguenos en nuestra p\u00e1gina verificada: <\/span><span class=\"_aupe copyable-text xkrh14z\">facebook.com\/lodelmomentolojaEC<\/span><\/p>\n<p class=\"_aupe copyable-text x15bjb6t x1n2onr6\"><span class=\"x19la9d6 x1fc57z9 x6ikm8r x10wlt62 x19co3pv x11tp94h xfibh0p xiy17q3 x1xsqp64 x1lkfr7t xexx8yu xyri2b x18d9i69 x1c1uobl\"><span class=\"xrtxmta x1bhl96m\">\ud83c\udf10<\/span><\/span><span class=\"_aupe copyable-text xkrh14z\"> Sitio web: <\/span><span class=\"_aupe copyable-text xkrh14z\">www.lodelmomentoloja.com<\/span><\/p>\n<p class=\"_aupe copyable-text x15bjb6t x1n2onr6\"><span class=\"_aupe copyable-text xkrh14z\">#LDMnoticias #lodelmomentolojaLDM #Loja<\/span><\/p>\n","protected":false},"excerpt":{"rendered":"<p>\ud83d\ude05\ud83d\udd35\ud83d\udc40 \u00a1Las vueltas de la pol\u00edtica! Un trago amargo es el que hoy vive la&#8230;<\/p>\n","protected":false},"author":1,"featured_media":0,"comment_status":"open","ping_status":"open","sticky":false,"template":"","format":"standard","meta":{"footnotes":""},"categories":[7,1,5],"tags":[],"class_list":["post-30540","post","type-post","status-publish","format-standard","hentry","category-ecuador","category-inicio","category-loja"],"_links":{"self":[{"href":"https:\/\/www.lodelmomentoloja.com\/index.php?rest_route=\/wp\/v2\/posts\/30540"}],"collection":[{"href":"https:\/\/www.lodelmomentoloja.com\/index.php?rest_route=\/wp\/v2\/posts"}],"about":[{"href":"https:\/\/www.lodelmomentoloja.com\/index.php?rest_route=\/wp\/v2\/types\/post"}],"author":[{"embeddable":true,"href":"https:\/\/www.lodelmomentoloja.com\/index.php?rest_route=\/wp\/v2\/users\/1"}],"replies":[{"embeddable":true,"href":"https:\/\/www.lodelmomentoloja.com\/index.php?rest_route=%2Fwp%2Fv2%2Fcomments&post=30540"}],"version-history":[{"count":1,"href":"https:\/\/www.lodelmomentoloja.com\/index.php?rest_route=\/wp\/v2\/posts\/30540\/revisions"}],"predecessor-version":[{"id":30543,"href":"https:\/\/www.lodelmomentoloja.com\/index.php?rest_route=\/wp\/v2\/posts\/30540\/revisions\/30543"}],"wp:attachment":[{"href":"https:\/\/www.lodelmomentoloja.com\/index.php?rest_route=%2Fwp%2Fv2%2Fmedia&parent=30540"}],"wp:term":[{"taxonomy":"category","embeddable":true,"href":"https:\/\/www.lodelmomentoloja.com\/index.php?rest_route=%2Fwp%2Fv2%2Fcategories&post=30540"},{"taxonomy":"post_tag","embeddable":true,"href":"https:\/\/www.lodelmomentoloja.com\/index.php?rest_route=%2Fwp%2Fv2%2Ftags&post=30540"}],"curies":[{"name":"wp","href":"https:\/\/api.w.org\/{rel}","templated":true}]}}