{"id":30537,"date":"2026-03-11T13:32:16","date_gmt":"2026-03-11T13:32:16","guid":{"rendered":"https:\/\/www.lodelmomentoloja.com\/?p=30537"},"modified":"2026-03-11T18:34:02","modified_gmt":"2026-03-11T18:34:02","slug":"asamblea-nacional-debera-disponer-el-8-de-diciembre-como-dia-conmemorativo-en-memoria-de-los-ninos-de-las-malvinas","status":"publish","type":"post","link":"https:\/\/www.lodelmomentoloja.com\/?p=30537","title":{"rendered":"Asamblea Nacional deber\u00e1 disponer el 8 de diciembre, como d\u00eda conmemorativo en memoria de los ni\u00f1os de Las Malvinas."},"content":{"rendered":"<p data-start=\"0\" data-end=\"284\">La <span class=\"hover:entity-accent entity-underline inline cursor-pointer align-baseline\"><span class=\"whitespace-normal\">Corte Constitucional del Ecuador<\/span><\/span> dispuso que el 8 de diciembre sea declarado como d\u00eda conmemorativo en memoria de los ni\u00f1os Josu\u00e9, Ismael, Steven y Nehem\u00edas, con el objetivo de preservar su recuerdo y promover actividades que honren la verdad hist\u00f3rica de lo ocurrido.<\/p>\n<p data-start=\"286\" data-end=\"761\">Seg\u00fan la decisi\u00f3n judicial, la declaratoria deber\u00e1 ser realizada por la <span class=\"hover:entity-accent entity-underline inline cursor-pointer align-baseline\"><span class=\"whitespace-normal\">Asamblea Nacional del Ecuador<\/span><\/span>, que tendr\u00e1 un plazo m\u00e1ximo de tres meses desde la notificaci\u00f3n de la sentencia para emitir la resoluci\u00f3n correspondiente. Posteriormente, el Legislativo deber\u00e1 informar a la Corte sobre el cumplimiento de esta disposici\u00f3n en un plazo de cinco d\u00edas, adjuntando la resoluci\u00f3n adoptada, el orden del d\u00eda de la sesi\u00f3n y la documentaci\u00f3n que respalde la medida.<\/p>\n<p data-start=\"763\" data-end=\"945\">La resoluci\u00f3n tambi\u00e9n establece que cada a\u00f1o se desarrollen eventos conmemorativos, actividades pedag\u00f3gicas y procesos de capacitaci\u00f3n relacionados con la memoria de los menores.<\/p>\n<p data-start=\"947\" data-end=\"1199\">Adem\u00e1s, la <span class=\"hover:entity-accent entity-underline inline cursor-pointer align-baseline\"><span class=\"whitespace-normal\">Defensor\u00eda del Pueblo de Ecuador<\/span><\/span> ser\u00e1 la encargada de verificar anualmente la realizaci\u00f3n de estas actividades y deber\u00e1 remitir un informe a la Corte Constitucional dentro de los 15 d\u00edas posteriores a la fecha de conmemoraci\u00f3n.<\/p>\n<p data-start=\"1201\" data-end=\"1341\" data-is-last-node=\"\" data-is-only-node=\"\">Esta disposici\u00f3n busca garantizar que la memoria de los ni\u00f1os sea recordada mediante acciones institucionales y educativas en el pa\u00eds.<\/p>\n<p>\ud83c\udf10\u2705 S\u00edguenos en nuestra p\u00e1gina verificada: facebook.com\/lodelmomentolojaEC<\/p>\n<p>\ud83c\udf10 Sitio web: www.lodelmomentoloja.com<br \/>\n#LDMnoticias #lodelmomentolojaLDM #Loja<\/p>\n","protected":false},"excerpt":{"rendered":"<p>La Corte Constitucional del Ecuador dispuso que el 8 de diciembre sea declarado como d\u00eda&#8230;<\/p>\n","protected":false},"author":1,"featured_media":30538,"comment_status":"open","ping_status":"open","sticky":false,"template":"","format":"standard","meta":{"footnotes":""},"categories":[7,1,4,5],"tags":[],"class_list":["post-30537","post","type-post","status-publish","format-standard","has-post-thumbnail","hentry","category-ecuador","category-inicio","category-internacional","category-loja"],"_links":{"self":[{"href":"https:\/\/www.lodelmomentoloja.com\/index.php?rest_route=\/wp\/v2\/posts\/30537"}],"collection":[{"href":"https:\/\/www.lodelmomentoloja.com\/index.php?rest_route=\/wp\/v2\/posts"}],"about":[{"href":"https:\/\/www.lodelmomentoloja.com\/index.php?rest_route=\/wp\/v2\/types\/post"}],"author":[{"embeddable":true,"href":"https:\/\/www.lodelmomentoloja.com\/index.php?rest_route=\/wp\/v2\/users\/1"}],"replies":[{"embeddable":true,"href":"https:\/\/www.lodelmomentoloja.com\/index.php?rest_route=%2Fwp%2Fv2%2Fcomments&post=30537"}],"version-history":[{"count":1,"href":"https:\/\/www.lodelmomentoloja.com\/index.php?rest_route=\/wp\/v2\/posts\/30537\/revisions"}],"predecessor-version":[{"id":30539,"href":"https:\/\/www.lodelmomentoloja.com\/index.php?rest_route=\/wp\/v2\/posts\/30537\/revisions\/30539"}],"wp:featuredmedia":[{"embeddable":true,"href":"https:\/\/www.lodelmomentoloja.com\/index.php?rest_route=\/wp\/v2\/media\/30538"}],"wp:attachment":[{"href":"https:\/\/www.lodelmomentoloja.com\/index.php?rest_route=%2Fwp%2Fv2%2Fmedia&parent=30537"}],"wp:term":[{"taxonomy":"category","embeddable":true,"href":"https:\/\/www.lodelmomentoloja.com\/index.php?rest_route=%2Fwp%2Fv2%2Fcategories&post=30537"},{"taxonomy":"post_tag","embeddable":true,"href":"https:\/\/www.lodelmomentoloja.com\/index.php?rest_route=%2Fwp%2Fv2%2Ftags&post=30537"}],"curies":[{"name":"wp","href":"https:\/\/api.w.org\/{rel}","templated":true}]}}