{"id":30533,"date":"2026-03-11T12:33:42","date_gmt":"2026-03-11T12:33:42","guid":{"rendered":"https:\/\/www.lodelmomentoloja.com\/?p=30533"},"modified":"2026-03-11T17:38:28","modified_gmt":"2026-03-11T17:38:28","slug":"daniel-n0b04-podria-enfrentar-un-juicio-politico-por-d3s4p4r1c1on-forzada","status":"publish","type":"post","link":"https:\/\/www.lodelmomentoloja.com\/?p=30533","title":{"rendered":"\u00bfDaniel N0b04 podr\u00eda enfrentar un juicio pol\u00edtico por d3s4p4r1c1\u00f3n forzada?"},"content":{"rendered":"<p class=\"_aupe copyable-text x15bjb6t x1n2onr6\"><span class=\"x19la9d6 x1fc57z9 x6ikm8r x10wlt62 x19co3pv x11tp94h xfibh0p xiy17q3 x1xsqp64 x1lkfr7t xexx8yu xyri2b x18d9i69 x1c1uobl\"><span class=\"xrtxmta x1bhl96m\"><img loading=\"lazy\" decoding=\"async\" class=\"wp-image-30534 aligncenter\" src=\"http:\/\/www.lodelmomentoloja.com\/wp-content\/uploads\/2026\/03\/CASO-MALVINAS.jpg-300x169.jpeg\" alt=\"\" width=\"1042\" height=\"587\" srcset=\"https:\/\/www.lodelmomentoloja.com\/wp-content\/uploads\/2026\/03\/CASO-MALVINAS.jpg-300x169.jpeg 300w, https:\/\/www.lodelmomentoloja.com\/wp-content\/uploads\/2026\/03\/CASO-MALVINAS.jpg-1024x576.jpeg 1024w, https:\/\/www.lodelmomentoloja.com\/wp-content\/uploads\/2026\/03\/CASO-MALVINAS.jpg-768x432.jpeg 768w, https:\/\/www.lodelmomentoloja.com\/wp-content\/uploads\/2026\/03\/CASO-MALVINAS.jpg-640x360.jpeg 640w, https:\/\/www.lodelmomentoloja.com\/wp-content\/uploads\/2026\/03\/CASO-MALVINAS.jpg-1536x864.jpeg 1536w, https:\/\/www.lodelmomentoloja.com\/wp-content\/uploads\/2026\/03\/CASO-MALVINAS.jpg.jpeg 1920w\" sizes=\"(max-width: 1042px) 100vw, 1042px\" \/><\/p>\n<p>\ud83d\ude31<\/span><\/span><span class=\"x19la9d6 x1fc57z9 x6ikm8r x10wlt62 x19co3pv x11tp94h xfibh0p xiy17q3 x1xsqp64 x1lkfr7t xexx8yu xyri2b x18d9i69 x1c1uobl\"><span class=\"xrtxmta x1bhl96m\">\ud83d\udea8<\/span><\/span><span class=\"x19la9d6 x1fc57z9 x6ikm8r x10wlt62 x19co3pv x11tp94h xfibh0p xiy17q3 x1xsqp64 x1lkfr7t xexx8yu xyri2b x18d9i69 x1c1uobl\"><span class=\"xrtxmta x1bhl96m\">\ud83d\udca8<\/span><\/span><span class=\"_aupe copyable-text xkrh14z\">\u00bfCortina de humo? La decisi\u00f3n de la Corte Constitucional de declarar la d3s4p4r1c1\u00f3n forzada de los cuatro menores de Las Malvinas, abre un nuevo frente pol\u00edtico, ya que, seg\u00fan varios juristas y otros sectores, este hecho podr\u00eda encaminar un posible juicio pol\u00edtico contra el presidente Daniel N0b04 en la Asamblea Nacional. Pero \u00bfexisten los elementos necesarios para iniciar este proceso? Esta es la respuesta de varios expertos<\/span><\/p>\n<div style=\"width: 640px;\" class=\"wp-video\"><!--[if lt IE 9]><script>document.createElement('video');<\/script><![endif]-->\n<video class=\"wp-video-shortcode\" id=\"video-30533-1\" width=\"640\" height=\"360\" preload=\"metadata\" controls=\"controls\"><source type=\"video\/mp4\" src=\"http:\/\/www.lodelmomentoloja.com\/wp-content\/uploads\/2026\/03\/JUICIO-POLITICO-CONTRA-N0B04-REDUCIDO.mp4?_=1\" \/><a href=\"http:\/\/www.lodelmomentoloja.com\/wp-content\/uploads\/2026\/03\/JUICIO-POLITICO-CONTRA-N0B04-REDUCIDO.mp4\">http:\/\/www.lodelmomentoloja.com\/wp-content\/uploads\/2026\/03\/JUICIO-POLITICO-CONTRA-N0B04-REDUCIDO.mp4<\/a><\/video><\/div>\n<p>El debate se centra en el art. 129 de la Constituci\u00f3n el cual estipula que un Presidente\/a o Vicepresidente\/a, puede ser sometido a juicio pol\u00edtico por d3l1t0s como g3n0c1d10, t0rtvr4, s3cv3str0 o d3s4p4r1c1\u00f3n forzada, sin que exista una sentencia penal para el inicio de este proceso.<\/p>\n<p><strong>Pero \u00bfexisten los elementos necesarios para iniciar el proceso de enjuiciamiento pol\u00edtico?<\/strong><\/p>\n<p>Seg\u00fan el abogado, Andr\u00e9 Benavides \u201cjur\u00eddicamente no hay causal en contra del primer mandatario y, pol\u00edticamente, no hay los votos\u201d; puesto que, en caso de que un grupo de asamble\u00edstas decida impulsar el juicio pol\u00edtico, primero deber\u00e1n reunir el respaldo de al menos un tercio de los legisladores para presentar la solicitud. Luego, la Corte Constitucional tendr\u00eda que emitir un dictamen para determinar si el proceso es admisible. En caso de avanzar, el presidente tendr\u00eda derecho a defenderse ante la Comisi\u00f3n de Fiscalizaci\u00f3n y posteriormente ante el pleno de la Asamblea.<\/p>\n<p>El periodista Fabricio Vela, dice que una eventual cesar y destituci\u00f3n del Jefe de Estado necesita al menos una mayor\u00eda calificada de 2\/3 parte, es decir, alrededor de 101 votos, una situaci\u00f3n que seg\u00fan Vela, es t\u00e9cnicamente \u2018Imposible\u2019 considerando que, desde el inicio de este periodo Legislativo, el presidente ha contado con el respaldo de la Asamblea casi siempre.<\/p>\n<p>La abogada en Derecho Constitucional Internacional, Lolo Mi\u00f1o dijo que este \u2018af\u00e1n antidemocr\u00e1tico\u2019 intenta \u2018botar tierra sobre un fallo que, lejos de querer incidir en pol\u00edtica, pretende reparar a las familias de los ni\u00f1os d3s4p4r3c1d0s\u2019. Especulaciones que para muchos, solo intentan desacreditar la sentencia judicial.<\/p>\n<p>La d3s4p4r1c1\u00f3n forzada de los cuatro menores desat\u00f3 una serie de reacciones a favor y en contra; por un lado, el secretario jur\u00eddico de la Presidencia, Enrique Herrer\u00eda se\u00f1ala que la Corte se sali\u00f3 de sus competencias.<\/p>\n<p>Por el otro, figuras de la oposici\u00f3n como la asamble\u00edsta Viviana Veloz, manifest\u00f3 que sentencia representa un acto m\u00ednimo de justicia frente a familias que, adem\u00e1s de perder a sus hijos, tuvieron que enfrentar la indiferencia de un Estado que les dio la espalda.<\/p>\n<p>Hasta el cierre de este reporte, no existe un pronunciamiento oficial por parte del Ministerio de Defensa o su titular Gian Carlo Lofredo; mientras tanto, la Corte dispuso medidas de reparaci\u00f3n integral, como la realizaci\u00f3n de un acto p\u00fablico de reconocimiento de responsabilidad y disculpas p\u00fablicas por parte del Estado a cargo del Comandante General de la Fuerza A\u00e9rea Ecuatoriana (FAE) y medidas de car\u00e1cter simb\u00f3lico.<\/p>\n<p class=\"_aupe copyable-text x15bjb6t x1n2onr6\"><span class=\"x19la9d6 x1fc57z9 x6ikm8r x10wlt62 x19co3pv x11tp94h xfibh0p xiy17q3 x1xsqp64 x1lkfr7t xexx8yu xyri2b x18d9i69 x1c1uobl\"><span class=\"xrtxmta x1bhl96m\">\ud83c\udf10<\/span><\/span><span class=\"x19la9d6 x1fc57z9 x6ikm8r x10wlt62 x19co3pv x11tp94h xfibh0p xiy17q3 x1xsqp64 x1lkfr7t xexx8yu xyri2b x18d9i69 x1c1uobl\"><span class=\"xrtxmta x1bhl96m\">\u2705<\/span><\/span><span class=\"_aupe copyable-text xkrh14z\"> S\u00edguenos en nuestra p\u00e1gina verificada: <\/span><span class=\"_aupe copyable-text xkrh14z\">facebook.com\/lodelmomentolojaEC<\/span><\/p>\n<p class=\"_aupe copyable-text x15bjb6t x1n2onr6\"><span class=\"x19la9d6 x1fc57z9 x6ikm8r x10wlt62 x19co3pv x11tp94h xfibh0p xiy17q3 x1xsqp64 x1lkfr7t xexx8yu xyri2b x18d9i69 x1c1uobl\"><span class=\"xrtxmta x1bhl96m\">\ud83c\udf10<\/span><\/span><span class=\"_aupe copyable-text xkrh14z\"> Sitio web: <\/span><span class=\"_aupe copyable-text xkrh14z\">www.lodelmomentoloja.com<\/span><\/p>\n<p class=\"_aupe copyable-text x15bjb6t x1n2onr6\"><span class=\"_aupe copyable-text xkrh14z\">#LDMnoticias #lodelmomentolojaLDM #Loja<\/span><\/p>\n","protected":false},"excerpt":{"rendered":"<p>\ud83d\ude31\ud83d\udea8\ud83d\udca8\u00bfCortina de humo? La decisi\u00f3n de la Corte Constitucional de declarar la d3s4p4r1c1\u00f3n forzada de&#8230;<\/p>\n","protected":false},"author":1,"featured_media":0,"comment_status":"open","ping_status":"open","sticky":false,"template":"","format":"standard","meta":{"footnotes":""},"categories":[7,1,5],"tags":[],"class_list":["post-30533","post","type-post","status-publish","format-standard","hentry","category-ecuador","category-inicio","category-loja"],"_links":{"self":[{"href":"https:\/\/www.lodelmomentoloja.com\/index.php?rest_route=\/wp\/v2\/posts\/30533"}],"collection":[{"href":"https:\/\/www.lodelmomentoloja.com\/index.php?rest_route=\/wp\/v2\/posts"}],"about":[{"href":"https:\/\/www.lodelmomentoloja.com\/index.php?rest_route=\/wp\/v2\/types\/post"}],"author":[{"embeddable":true,"href":"https:\/\/www.lodelmomentoloja.com\/index.php?rest_route=\/wp\/v2\/users\/1"}],"replies":[{"embeddable":true,"href":"https:\/\/www.lodelmomentoloja.com\/index.php?rest_route=%2Fwp%2Fv2%2Fcomments&post=30533"}],"version-history":[{"count":1,"href":"https:\/\/www.lodelmomentoloja.com\/index.php?rest_route=\/wp\/v2\/posts\/30533\/revisions"}],"predecessor-version":[{"id":30536,"href":"https:\/\/www.lodelmomentoloja.com\/index.php?rest_route=\/wp\/v2\/posts\/30533\/revisions\/30536"}],"wp:attachment":[{"href":"https:\/\/www.lodelmomentoloja.com\/index.php?rest_route=%2Fwp%2Fv2%2Fmedia&parent=30533"}],"wp:term":[{"taxonomy":"category","embeddable":true,"href":"https:\/\/www.lodelmomentoloja.com\/index.php?rest_route=%2Fwp%2Fv2%2Fcategories&post=30533"},{"taxonomy":"post_tag","embeddable":true,"href":"https:\/\/www.lodelmomentoloja.com\/index.php?rest_route=%2Fwp%2Fv2%2Ftags&post=30533"}],"curies":[{"name":"wp","href":"https:\/\/api.w.org\/{rel}","templated":true}]}}