{"id":30491,"date":"2026-03-09T15:01:01","date_gmt":"2026-03-09T15:01:01","guid":{"rendered":"https:\/\/www.lodelmomentoloja.com\/?p=30491"},"modified":"2026-03-09T20:02:58","modified_gmt":"2026-03-09T20:02:58","slug":"juan-andres-gonzalez-pierde-inmunidad-y-enfrentara-juicio-por-presuntas-calumnias","status":"publish","type":"post","link":"https:\/\/www.lodelmomentoloja.com\/?p=30491","title":{"rendered":"Juan Andr\u00e9s Gonz\u00e1lez pierde inmunidad y enfrentar\u00e1 juicio por presuntas calumnias"},"content":{"rendered":"<p class=\"_aupe copyable-text x15bjb6t x1n2onr6\"><span class=\"x19la9d6 x1fc57z9 x6ikm8r x10wlt62 x19co3pv x11tp94h xfibh0p xiy17q3 x1xsqp64 x1lkfr7t xexx8yu xyri2b x18d9i69 x1c1uobl\"><span class=\"xrtxmta x1bhl96m\"><img loading=\"lazy\" decoding=\"async\" class=\"wp-image-30492 aligncenter\" src=\"http:\/\/www.lodelmomentoloja.com\/wp-content\/uploads\/2026\/03\/nota-video-2.jpg-300x169.jpeg\" alt=\"\" width=\"1017\" height=\"573\" srcset=\"https:\/\/www.lodelmomentoloja.com\/wp-content\/uploads\/2026\/03\/nota-video-2.jpg-300x169.jpeg 300w, https:\/\/www.lodelmomentoloja.com\/wp-content\/uploads\/2026\/03\/nota-video-2.jpg-1024x576.jpeg 1024w, https:\/\/www.lodelmomentoloja.com\/wp-content\/uploads\/2026\/03\/nota-video-2.jpg-768x432.jpeg 768w, https:\/\/www.lodelmomentoloja.com\/wp-content\/uploads\/2026\/03\/nota-video-2.jpg-640x360.jpeg 640w, https:\/\/www.lodelmomentoloja.com\/wp-content\/uploads\/2026\/03\/nota-video-2.jpg-1536x864.jpeg 1536w, https:\/\/www.lodelmomentoloja.com\/wp-content\/uploads\/2026\/03\/nota-video-2.jpg.jpeg 1920w\" sizes=\"(max-width: 1017px) 100vw, 1017px\" \/><\/p>\n<p>\ud83e\udd2f<\/span><\/span><span class=\"x19la9d6 x1fc57z9 x6ikm8r x10wlt62 x19co3pv x11tp94h xfibh0p xiy17q3 x1xsqp64 x1lkfr7t xexx8yu xyri2b x18d9i69 x1c1uobl\"><span class=\"xrtxmta x1bhl96m\">\ud83d\udeab<\/span><\/span><span class=\"x19la9d6 x1fc57z9 x6ikm8r x10wlt62 x19co3pv x11tp94h xfibh0p xiy17q3 x1xsqp64 x1lkfr7t xexx8yu xyri2b x18d9i69 x1c1uobl\"><span class=\"xrtxmta x1bhl96m\">\u2696\ufe0f<\/span><\/span><span class=\"_aupe copyable-text xkrh14z\"> \u00bfJuicio a la puerta? El asamble\u00edsta Juan Andr\u00e9s Gonz\u00e1lez deber\u00e1 enfrentar procesos judiciales por presuntas calumnias contra los integrantes del bloque de ADN, perdiendo as\u00ed su inmunidad parlamentaria. Una historia que parece repetirse con un caso que ocurri\u00f3 en el Gobierno del expresidente Rafael Correa donde tres personas terminaron en prisi\u00f3n.<\/p>\n<p><\/span><\/p>\n<div style=\"width: 640px;\" class=\"wp-video\"><!--[if lt IE 9]><script>document.createElement('video');<\/script><![endif]-->\n<video class=\"wp-video-shortcode\" id=\"video-30491-1\" width=\"640\" height=\"360\" preload=\"metadata\" controls=\"controls\"><source type=\"video\/mp4\" src=\"http:\/\/www.lodelmomentoloja.com\/wp-content\/uploads\/2026\/03\/INMUNIDAD-PARLAMENTARIA-REDUCIDO.mp4?_=1\" \/><a href=\"http:\/\/www.lodelmomentoloja.com\/wp-content\/uploads\/2026\/03\/INMUNIDAD-PARLAMENTARIA-REDUCIDO.mp4\">http:\/\/www.lodelmomentoloja.com\/wp-content\/uploads\/2026\/03\/INMUNIDAD-PARLAMENTARIA-REDUCIDO.mp4<\/a><\/video><\/div>\n<p class=\"_aupe copyable-text x15bjb6t x1n2onr6\"><span class=\"_aupe copyable-text xkrh14z\">\u00a0<\/span><\/p>\n<p>Esto, luego de que el presidente del Legislativo, Niels Olsen, optara por dejar correr el plazo legal por 30 d\u00edas para que la autorizaci\u00f3n se entienda como concedida, permitiendo que avance una querella presentada por la asamble\u00edsta Naila Quintana por el presunto d3l1t0 de calumnia del pasado 17 de diciembre. Seg\u00fan Olsen, la inmunidad parlamentaria no puede convertirse en un escudo para lanzar acusaciones sin pruebas.<\/p>\n<p>Por su parte, el jefe de la bancada de Revoluci\u00f3n Ciudadana en la Asamblea Nacional, se pronunci\u00f3 sobre el levantamiento de su fuero de Corte Nacional. El legislador dijo que el oficialismo busca judicializarlo penalmente para frenar sus labores de fiscalizaci\u00f3n calific\u00e1ndola como persecuci\u00f3n pol\u00edtica.<\/p>\n<p>Pero esta no es la primera vez que ADN intenta procesar a Gonz\u00e1lez, el pasado 09 de febrero, el oficialismo no alcanz\u00f3 los 101 votos necesarios para levantar la inmunidad del legislador por supuestas calumnias. Con esta nueva estrategia administrativa, el proceso judicial podr\u00e1 avanzar sin depender de una votaci\u00f3n directa en el Pleno.<\/p>\n<p>Los hechos recientes reavivan un escenario similar que ocurri\u00f3 durante el Gobierno de Rafael Correa contra sus opositores. Uno de los casos m\u00e1s recordados fue el del entonces asamble\u00edsta por Zamora Chinchipe, Cl\u00e9ver Jim\u00e9nez, quien fue condenado a 18 meses de prisi\u00f3n por injurias tras acusar al exmandatario de d3l1t0s relacionados con el 30-S. En ese proceso tambi\u00e9n fue sentenciado su asesor, Fernando Villavicencio y Carlos Figueroa.<\/p>\n<p>Mientras tanto, la bancada ADN continuar\u00e1 con el proceso, pero quedan dudas \u00bfhasta d\u00f3nde llega la protecci\u00f3n pol\u00edtica de un legislador y cu\u00e1ndo debe responder ante la justicia?<\/p>\n<p class=\"_aupe copyable-text x15bjb6t x1n2onr6\"><span class=\"x19la9d6 x1fc57z9 x6ikm8r x10wlt62 x19co3pv x11tp94h xfibh0p xiy17q3 x1xsqp64 x1lkfr7t xexx8yu xyri2b x18d9i69 x1c1uobl\"><span class=\"xrtxmta x1bhl96m\">\ud83c\udf10<\/span><\/span><span class=\"x19la9d6 x1fc57z9 x6ikm8r x10wlt62 x19co3pv x11tp94h xfibh0p xiy17q3 x1xsqp64 x1lkfr7t xexx8yu xyri2b x18d9i69 x1c1uobl\"><span class=\"xrtxmta x1bhl96m\">\u2705<\/span><\/span><span class=\"_aupe copyable-text xkrh14z\"> S\u00edguenos en nuestra p\u00e1gina verificada: <\/span><span class=\"_aupe copyable-text xkrh14z\">facebook.com\/lodelmomentolojaEC<\/span><\/p>\n<p class=\"_aupe copyable-text x15bjb6t x1n2onr6\"><span class=\"x19la9d6 x1fc57z9 x6ikm8r x10wlt62 x19co3pv x11tp94h xfibh0p xiy17q3 x1xsqp64 x1lkfr7t xexx8yu xyri2b x18d9i69 x1c1uobl\"><span class=\"xrtxmta x1bhl96m\">\ud83c\udf10<\/span><\/span><span class=\"_aupe copyable-text xkrh14z\"> Sitio web: <\/span><span class=\"_aupe copyable-text xkrh14z\">www.lodelmomentoloja.com<\/span><\/p>\n<p class=\"_aupe copyable-text x15bjb6t x1n2onr6\"><span class=\"_aupe copyable-text xkrh14z\">#Loja #LDMnoticias #lodelmomentolojaLDM <\/span><\/p>\n","protected":false},"excerpt":{"rendered":"<p>\ud83e\udd2f\ud83d\udeab\u2696\ufe0f \u00bfJuicio a la puerta? El asamble\u00edsta Juan Andr\u00e9s Gonz\u00e1lez deber\u00e1 enfrentar procesos judiciales por&#8230;<\/p>\n","protected":false},"author":1,"featured_media":0,"comment_status":"open","ping_status":"open","sticky":false,"template":"","format":"standard","meta":{"footnotes":""},"categories":[7,1,4,5],"tags":[],"class_list":["post-30491","post","type-post","status-publish","format-standard","hentry","category-ecuador","category-inicio","category-internacional","category-loja"],"_links":{"self":[{"href":"https:\/\/www.lodelmomentoloja.com\/index.php?rest_route=\/wp\/v2\/posts\/30491"}],"collection":[{"href":"https:\/\/www.lodelmomentoloja.com\/index.php?rest_route=\/wp\/v2\/posts"}],"about":[{"href":"https:\/\/www.lodelmomentoloja.com\/index.php?rest_route=\/wp\/v2\/types\/post"}],"author":[{"embeddable":true,"href":"https:\/\/www.lodelmomentoloja.com\/index.php?rest_route=\/wp\/v2\/users\/1"}],"replies":[{"embeddable":true,"href":"https:\/\/www.lodelmomentoloja.com\/index.php?rest_route=%2Fwp%2Fv2%2Fcomments&post=30491"}],"version-history":[{"count":1,"href":"https:\/\/www.lodelmomentoloja.com\/index.php?rest_route=\/wp\/v2\/posts\/30491\/revisions"}],"predecessor-version":[{"id":30494,"href":"https:\/\/www.lodelmomentoloja.com\/index.php?rest_route=\/wp\/v2\/posts\/30491\/revisions\/30494"}],"wp:attachment":[{"href":"https:\/\/www.lodelmomentoloja.com\/index.php?rest_route=%2Fwp%2Fv2%2Fmedia&parent=30491"}],"wp:term":[{"taxonomy":"category","embeddable":true,"href":"https:\/\/www.lodelmomentoloja.com\/index.php?rest_route=%2Fwp%2Fv2%2Fcategories&post=30491"},{"taxonomy":"post_tag","embeddable":true,"href":"https:\/\/www.lodelmomentoloja.com\/index.php?rest_route=%2Fwp%2Fv2%2Ftags&post=30491"}],"curies":[{"name":"wp","href":"https:\/\/api.w.org\/{rel}","templated":true}]}}