{"id":30487,"date":"2026-03-09T11:38:39","date_gmt":"2026-03-09T11:38:39","guid":{"rendered":"https:\/\/www.lodelmomentoloja.com\/?p=30487"},"modified":"2026-03-09T16:41:09","modified_gmt":"2026-03-09T16:41:09","slug":"asi-reaccionan-varias-figuras-ante-el-traslado-de-aquiles-alvarez-a-la-carcel-del-encuentro","status":"publish","type":"post","link":"https:\/\/www.lodelmomentoloja.com\/?p=30487","title":{"rendered":"As\u00ed reaccionan varias figuras ante el traslado de Aquiles \u00c1lvarez a la C\u00e1rcel del Encuentro."},"content":{"rendered":"<p class=\"_aupe copyable-text x15bjb6t x1n2onr6\"><span class=\"x19la9d6 x1fc57z9 x6ikm8r x10wlt62 x19co3pv x11tp94h xfibh0p xiy17q3 x1xsqp64 x1lkfr7t xexx8yu xyri2b x18d9i69 x1c1uobl\"><span class=\"xrtxmta x1bhl96m\"><img loading=\"lazy\" decoding=\"async\" class=\"wp-image-30488 aligncenter\" src=\"http:\/\/www.lodelmomentoloja.com\/wp-content\/uploads\/2026\/03\/NOTA-VIDEO-AQUILES.jpg-300x169.jpeg\" alt=\"\" width=\"983\" height=\"554\" srcset=\"https:\/\/www.lodelmomentoloja.com\/wp-content\/uploads\/2026\/03\/NOTA-VIDEO-AQUILES.jpg-300x169.jpeg 300w, https:\/\/www.lodelmomentoloja.com\/wp-content\/uploads\/2026\/03\/NOTA-VIDEO-AQUILES.jpg-1024x576.jpeg 1024w, https:\/\/www.lodelmomentoloja.com\/wp-content\/uploads\/2026\/03\/NOTA-VIDEO-AQUILES.jpg-768x432.jpeg 768w, https:\/\/www.lodelmomentoloja.com\/wp-content\/uploads\/2026\/03\/NOTA-VIDEO-AQUILES.jpg-640x360.jpeg 640w, https:\/\/www.lodelmomentoloja.com\/wp-content\/uploads\/2026\/03\/NOTA-VIDEO-AQUILES.jpg-1536x864.jpeg 1536w, https:\/\/www.lodelmomentoloja.com\/wp-content\/uploads\/2026\/03\/NOTA-VIDEO-AQUILES.jpg.jpeg 1920w\" sizes=\"(max-width: 983px) 100vw, 983px\" \/><\/p>\n<p>\ud83d\udc40<\/span><\/span><span class=\"x19la9d6 x1fc57z9 x6ikm8r x10wlt62 x19co3pv x11tp94h xfibh0p xiy17q3 x1xsqp64 x1lkfr7t xexx8yu xyri2b x18d9i69 x1c1uobl\"><span class=\"xrtxmta x1bhl96m\">\ud83d\udea8<\/span><\/span><span class=\"x19la9d6 x1fc57z9 x6ikm8r x10wlt62 x19co3pv x11tp94h xfibh0p xiy17q3 x1xsqp64 x1lkfr7t xexx8yu xyri2b x18d9i69 x1c1uobl\"><span class=\"xrtxmta x1bhl96m\">\ud83d\udde3\ufe0f<\/span><\/span><span class=\"_aupe copyable-text xkrh14z\"> \u00a1Por seguridad! As\u00ed reaccionaron varias figuras, tras el traslado de que Aquiles \u00c1lvarez a la C\u00e1rcel del Encuentro en Santa Elena el domingo 08 de marzo, luego de que un Tribunal dictara prisi\u00f3n preventiva por el caso Triple A. \u00c1lvarez, quien ya permanec\u00eda con prisi\u00f3n preventiva por el Caso Goleada que investiga presunta d3l1cncv3nc14 organizada, enfrenta procesos por supuesto tr\u00e1f1c0 de combustible.<\/p>\n<p><\/span><\/p>\n<div style=\"width: 640px;\" class=\"wp-video\"><!--[if lt IE 9]><script>document.createElement('video');<\/script><![endif]-->\n<video class=\"wp-video-shortcode\" id=\"video-30487-1\" width=\"640\" height=\"360\" preload=\"metadata\" controls=\"controls\"><source type=\"video\/mp4\" src=\"http:\/\/www.lodelmomentoloja.com\/wp-content\/uploads\/2026\/03\/TRASLADO-DE-AQUILES-ALVAREZ-REDUCIDO.mp4?_=1\" \/><a href=\"http:\/\/www.lodelmomentoloja.com\/wp-content\/uploads\/2026\/03\/TRASLADO-DE-AQUILES-ALVAREZ-REDUCIDO.mp4\">http:\/\/www.lodelmomentoloja.com\/wp-content\/uploads\/2026\/03\/TRASLADO-DE-AQUILES-ALVAREZ-REDUCIDO.mp4<\/a><\/video><\/div>\n<p class=\"_aupe copyable-text x15bjb6t x1n2onr6\"><span class=\"_aupe copyable-text xkrh14z\">\u00a0<\/span><\/p>\n<p>\u00c1lvarez quien ya permanec\u00eda con prisi\u00f3n preventiva desde el pasado 10 de febrero por el caso Goleada, ahora se encuentra en la prisi\u00f3n de m\u00e1xima seguridad junto a otras figuras como el exasamble\u00edsta del PSC, Pablo Muentes y el exvicepresidente, Jorge Glas. Seg\u00fan informaci\u00f3n preliminar, la medida ser\u00eda por motivos de seguridad.<\/p>\n<p>Antes de esto, \u00c1lvarez particip\u00f3 de forma telem\u00e1tica en dos audiencias por el caso Triple A. En una de ellas recibi\u00f3 una segunda orden de prisi\u00f3n preventiva, tras ser acusado de manipular su grillete electr\u00f3nico.<\/p>\n<p>Adem\u00e1s, inici\u00f3 el juicio por el caso Triple A, donde la Fiscal\u00eda lo vincula con un supuesto desv\u00edo de m\u00e1s de 22 millones de galones de combustible, que habr\u00eda causado un perjuicio de USD 61 millones.<\/p>\n<p>Su abogado, Ramiro Garc\u00eda, se\u00f1al\u00f3 que el alcalde permanecer\u00e1 aislado e incomunicado, lo que seg\u00fan afirma que impedir\u00eda el contacto con su defensa y otra v10l4c1\u00f3n a sus derechos.<\/p>\n<p>Por su parte, en una reciente entrevista, el presidente Daniel Noboa se refiri\u00f3 a los \u00edndices de inseguridad que est\u00e1n reduciendo desde que el alcalde de Guayaquil permanece en prisi\u00f3n.<\/p>\n<p>Mientras que adeptos a la Revoluci\u00f3n Ciudadana expresaron su rechazo a la medida catalog\u00e1ndolo como \u2018persecuci\u00f3n pol\u00edtica\u2019. Entre tanto, el l\u00edder de la RC5, el expresidente Rafael Correa puso en duda la versi\u00f3n oficial sobre un supuesto plan contra la vida del funcionario. Calific\u00f3 el traslado como \u2018perverso\u2019 y critic\u00f3 los \u2018informes reservados\u2019 bajo los cu\u00e1les se realizan los procesos.<\/p>\n<p>El juicio continuar\u00e1 el pr\u00f3ximo 14 de marzo, audiencia en la que estar\u00e1 presente desde la c\u00e1rcel del Encuentro, mientras tanto, las dudas crecen \u00bfCu\u00e1l ser\u00e1 el futuro de Aquiles \u00c1lvarez en los pr\u00f3ximos d\u00edas?<\/p>\n<p class=\"_aupe copyable-text x15bjb6t x1n2onr6\"><span class=\"x19la9d6 x1fc57z9 x6ikm8r x10wlt62 x19co3pv x11tp94h xfibh0p xiy17q3 x1xsqp64 x1lkfr7t xexx8yu xyri2b x18d9i69 x1c1uobl\"><span class=\"xrtxmta x1bhl96m\">\ud83c\udf10<\/span><\/span><span class=\"x19la9d6 x1fc57z9 x6ikm8r x10wlt62 x19co3pv x11tp94h xfibh0p xiy17q3 x1xsqp64 x1lkfr7t xexx8yu xyri2b x18d9i69 x1c1uobl\"><span class=\"xrtxmta x1bhl96m\">\u2705<\/span><\/span><span class=\"_aupe copyable-text xkrh14z\"> S\u00edguenos en nuestra p\u00e1gina verificada: <\/span><span class=\"_aupe copyable-text xkrh14z\">facebook.com\/lodelmomentolojaEC<\/span><\/p>\n<p class=\"_aupe copyable-text x15bjb6t x1n2onr6\"><span class=\"x19la9d6 x1fc57z9 x6ikm8r x10wlt62 x19co3pv x11tp94h xfibh0p xiy17q3 x1xsqp64 x1lkfr7t xexx8yu xyri2b x18d9i69 x1c1uobl\"><span class=\"xrtxmta x1bhl96m\">\ud83c\udf10<\/span><\/span><span class=\"_aupe copyable-text xkrh14z\"> Sitio web: <\/span><span class=\"_aupe copyable-text xkrh14z\">www.lodelmomentoloja.com<\/span><\/p>\n<p class=\"_aupe copyable-text x15bjb6t x1n2onr6\"><span class=\"_aupe copyable-text xkrh14z\">#Loja #LDMnoticias #lodelmomentolojaLDM<\/span><\/p>\n","protected":false},"excerpt":{"rendered":"<p>\ud83d\udc40\ud83d\udea8\ud83d\udde3\ufe0f \u00a1Por seguridad! As\u00ed reaccionaron varias figuras, tras el traslado de que Aquiles \u00c1lvarez a&#8230;<\/p>\n","protected":false},"author":1,"featured_media":0,"comment_status":"open","ping_status":"open","sticky":false,"template":"","format":"standard","meta":{"footnotes":""},"categories":[7,1,5],"tags":[],"class_list":["post-30487","post","type-post","status-publish","format-standard","hentry","category-ecuador","category-inicio","category-loja"],"_links":{"self":[{"href":"https:\/\/www.lodelmomentoloja.com\/index.php?rest_route=\/wp\/v2\/posts\/30487"}],"collection":[{"href":"https:\/\/www.lodelmomentoloja.com\/index.php?rest_route=\/wp\/v2\/posts"}],"about":[{"href":"https:\/\/www.lodelmomentoloja.com\/index.php?rest_route=\/wp\/v2\/types\/post"}],"author":[{"embeddable":true,"href":"https:\/\/www.lodelmomentoloja.com\/index.php?rest_route=\/wp\/v2\/users\/1"}],"replies":[{"embeddable":true,"href":"https:\/\/www.lodelmomentoloja.com\/index.php?rest_route=%2Fwp%2Fv2%2Fcomments&post=30487"}],"version-history":[{"count":1,"href":"https:\/\/www.lodelmomentoloja.com\/index.php?rest_route=\/wp\/v2\/posts\/30487\/revisions"}],"predecessor-version":[{"id":30490,"href":"https:\/\/www.lodelmomentoloja.com\/index.php?rest_route=\/wp\/v2\/posts\/30487\/revisions\/30490"}],"wp:attachment":[{"href":"https:\/\/www.lodelmomentoloja.com\/index.php?rest_route=%2Fwp%2Fv2%2Fmedia&parent=30487"}],"wp:term":[{"taxonomy":"category","embeddable":true,"href":"https:\/\/www.lodelmomentoloja.com\/index.php?rest_route=%2Fwp%2Fv2%2Fcategories&post=30487"},{"taxonomy":"post_tag","embeddable":true,"href":"https:\/\/www.lodelmomentoloja.com\/index.php?rest_route=%2Fwp%2Fv2%2Ftags&post=30487"}],"curies":[{"name":"wp","href":"https:\/\/api.w.org\/{rel}","templated":true}]}}