{"id":30484,"date":"2026-03-09T11:05:53","date_gmt":"2026-03-09T11:05:53","guid":{"rendered":"https:\/\/www.lodelmomentoloja.com\/?p=30484"},"modified":"2026-03-09T16:17:49","modified_gmt":"2026-03-09T16:17:49","slug":"fundacion-caje-entrega-18-reconocimientos-de-jovenes-lideres-del-ano-2026","status":"publish","type":"post","link":"https:\/\/www.lodelmomentoloja.com\/?p=30484","title":{"rendered":"Fundaci\u00f3n Caje entrega 18 Reconocimientos de J\u00f3venes L\u00edderes del A\u00f1o 2026."},"content":{"rendered":"<p>La Fundaci\u00f3n CAJE anunci\u00f3 oficialmente la entrega de los <strong>18 reconocimientos<\/strong> que ser\u00e1n conferidos en el marco de la J\u00f3venes L\u00edderes del A\u00f1o 2026, el m\u00e1s alto honor que exalta la <strong>excelencia, el liderazgo y el servicio a la sociedad<\/strong>, consolidado a lo largo de cuatro d\u00e9cadas como un referente hist\u00f3rico de reconocimiento al m\u00e9rito en la ciudad de Loja.<\/p>\n<p>Esta cuadrag\u00e9sima edici\u00f3n celebra a hombres y mujeres cuya trayectoria, compromiso y aporte han generado impacto positivo en distintos \u00e1mbitos del desarrollo social, cultural, acad\u00e9mico, empresarial y comunitario, inspirando a nuevas generaciones a creer en el poder del liderazgo con prop\u00f3sito.<\/p>\n<p>La <strong>ceremonia oficial<\/strong> se realizar\u00e1 este \u00a0<strong>lunes 9 de marzo a las 19h00<\/strong> en el emblem\u00e1tico Teatro Bol\u00edvar, en un acto solemne que reunir\u00e1 a autoridades nacionales, provinciales y locales, representantes de organizaciones de la sociedad civil, l\u00edderes institucionales e invitados especiales<strong>.<\/strong><\/p>\n<p>La noche se perfila como un espacio de reconocimiento y celebraci\u00f3n ciudadana, donde el talento, la dedicaci\u00f3n y el compromiso social ser\u00e1n exaltados como valores fundamentales para el desarrollo de la comunidad.<\/p>\n<p><strong>\u201c<\/strong><strong>Cada reconocimiento representa una historia de esfuerzo, visi\u00f3n y servicio. Son ejemplos que iluminan el camino de la juventud y fortalecen la esperanza de una sociedad m\u00e1s justa, solidaria y comprometida con el bien com\u00fan<\/strong><strong>\u201d, <\/strong>destac\u00f3 su director Jose Luis Ojeda.<\/p>\n<p>La ceremonia de <strong>J\u00f3venes L\u00edderes del A\u00f1o<\/strong> se ha consolidado como una de las distinciones m\u00e1s importantes de la ciudad, convirti\u00e9ndose en un espacio que visibiliza el talento y la capacidad transformadora de l\u00edderes que construyen d\u00eda a d\u00eda un mejor futuro para Loja y el pa\u00eds.<\/p>\n<p><strong>M\u00c1XIMAS PRESEAS<\/strong><\/p>\n<p><strong>1.- Orden Gran Caballero de la Juventud 2026<\/strong><br \/>\nCarlos Ojeda, CEO y Mentor de la Comunidad Level Ecuador<\/p>\n<p><strong>2.- Presea Joven del A\u00f1o, Cap\u00edtulo Loja 2026<\/strong><br \/>\nPHD. Yeferson Mauricio Torres Berru<\/p>\n<p><strong>M\u00c9RITOS 2026<\/strong><\/p>\n<p><strong>3.- M\u00e9rito Organismo Trabajador del A\u00f1o<\/strong><br \/>\nLas Gacelas Running Team<\/p>\n<p><strong>4.- M\u00e9rito Modelo de Gesti\u00f3n Empresarial<\/strong><br \/>\nL\u00e1cteos Gonzaname\u00f1ito \u2013 Ing. Max Bravo Landacay<\/p>\n<p><strong>5.-Merito Modelo de Gesti\u00f3n Empresarial<br \/>\n<\/strong>Creaciones Manuel Chalan \u2013 Ing. Manuel Chalan<\/p>\n<p><strong>6.- M\u00e9rito Buenas Pr\u00e1cticas de Gesti\u00f3n Empresarial<\/strong><br \/>\nIng. Leonardo Burneo, Gerente General del Banco de Loja<\/p>\n<p><strong>7.- Merito: Compromiso Social<\/strong><br \/>\nDr. Santiago Guachizaca Peralta<\/p>\n<p><strong>8.- M\u00e9rito Servicio Social Categor\u00eda Medico<\/strong><br \/>\nDr. Roberto Loyola Checa<\/p>\n<p><strong>9.- Merito Disposici\u00f3n para Ayudar a los M\u00e1s Necesitados<\/strong><br \/>\nSrta. Ulda Margarita Armijos Reyes<\/p>\n<p><strong>10.- M\u00e9rito Creativo<\/strong><br \/>\nSr. Sebasti\u00e1n Byron Maldonado Samaniego<\/p>\n<p><strong>11.- M\u00e9rito Investigativo<\/strong><br \/>\nDr. Alfonso Jamil Cedillo Balcazar<\/p>\n<p><strong>12.- M\u00e9rito Cient\u00edfico<\/strong><br \/>\nEcon. \u00a0Danny Xavier Granda Beltr\u00e1n<\/p>\n<p><strong>13.- M\u00e9rito Art\u00edstico<\/strong><br \/>\nBanda Vipeya<\/p>\n<p><strong>14.- M\u00e9rito Cultural<\/strong><br \/>\nMagister.. Joselyn Arian Llacxaguanga Torres<\/p>\n<p><strong>15.- M\u00e9rito Deportivo<\/strong><br \/>\nCoach Josu\u00e9 Quezada Loj\u00e1n<\/p>\n<p><strong>16.- M\u00e9rito Period\u00edstico<\/strong><br \/>\nLic. Petronio Valdivieso V\u00e9lez<\/p>\n<p><strong>17.- M\u00e9rito Period\u00edstico \u2013 Medio de Comunicaci\u00f3n<\/strong><br \/>\nIng. Paola Betancurth, Gerente General de Diario Cr\u00f3nica<\/p>\n<p><strong>18.- M\u00e9rito Emprendedor<\/strong><br \/>\nLic. Stalin Alexander Quezada<\/p>\n<p>La Fundaci\u00f3n CAJE extiende una cordial invitaci\u00f3n a la ciudadan\u00eda a ser parte de esta noche especial, donde el m\u00e9rito se convierte en legado y el ejemplo en esperanza colectiva<strong>.<\/strong><\/p>\n","protected":false},"excerpt":{"rendered":"<p>La Fundaci\u00f3n CAJE anunci\u00f3 oficialmente la entrega de los 18 reconocimientos que ser\u00e1n conferidos en&#8230;<\/p>\n","protected":false},"author":1,"featured_media":30485,"comment_status":"open","ping_status":"open","sticky":false,"template":"","format":"standard","meta":{"footnotes":""},"categories":[7,1,5],"tags":[],"class_list":["post-30484","post","type-post","status-publish","format-standard","has-post-thumbnail","hentry","category-ecuador","category-inicio","category-loja"],"_links":{"self":[{"href":"https:\/\/www.lodelmomentoloja.com\/index.php?rest_route=\/wp\/v2\/posts\/30484"}],"collection":[{"href":"https:\/\/www.lodelmomentoloja.com\/index.php?rest_route=\/wp\/v2\/posts"}],"about":[{"href":"https:\/\/www.lodelmomentoloja.com\/index.php?rest_route=\/wp\/v2\/types\/post"}],"author":[{"embeddable":true,"href":"https:\/\/www.lodelmomentoloja.com\/index.php?rest_route=\/wp\/v2\/users\/1"}],"replies":[{"embeddable":true,"href":"https:\/\/www.lodelmomentoloja.com\/index.php?rest_route=%2Fwp%2Fv2%2Fcomments&post=30484"}],"version-history":[{"count":1,"href":"https:\/\/www.lodelmomentoloja.com\/index.php?rest_route=\/wp\/v2\/posts\/30484\/revisions"}],"predecessor-version":[{"id":30486,"href":"https:\/\/www.lodelmomentoloja.com\/index.php?rest_route=\/wp\/v2\/posts\/30484\/revisions\/30486"}],"wp:featuredmedia":[{"embeddable":true,"href":"https:\/\/www.lodelmomentoloja.com\/index.php?rest_route=\/wp\/v2\/media\/30485"}],"wp:attachment":[{"href":"https:\/\/www.lodelmomentoloja.com\/index.php?rest_route=%2Fwp%2Fv2%2Fmedia&parent=30484"}],"wp:term":[{"taxonomy":"category","embeddable":true,"href":"https:\/\/www.lodelmomentoloja.com\/index.php?rest_route=%2Fwp%2Fv2%2Fcategories&post=30484"},{"taxonomy":"post_tag","embeddable":true,"href":"https:\/\/www.lodelmomentoloja.com\/index.php?rest_route=%2Fwp%2Fv2%2Ftags&post=30484"}],"curies":[{"name":"wp","href":"https:\/\/api.w.org\/{rel}","templated":true}]}}