{"id":3038,"date":"2021-03-15T13:15:05","date_gmt":"2021-03-15T13:15:05","guid":{"rendered":"http:\/\/www.lodelmomentoloja.com\/?p=3038"},"modified":"2021-03-15T18:14:40","modified_gmt":"2021-03-15T18:14:40","slug":"alianza-entre-ue-y-creo-para-presidenciales","status":"publish","type":"post","link":"https:\/\/www.lodelmomentoloja.com\/?p=3038","title":{"rendered":"Alianza entre UE y CREO para presidenciales"},"content":{"rendered":"<p>#Loja | Alianza entre UE y CREO para presidenciales.<\/p>\n<p>Mediante rueda de prensa de hoy, se realiz\u00f3 la firma del acuerdo para el apoyo a la candidatura presidencial Lasso-Borrero en la segunda vuelta electoral por parte del partido pol\u00edtico Uni\u00f3n Ecuatoriana lista 19. Dicho acto que se dio con la presencia del Arq. David \u00c1lvarez como director de UE provincial, Rafael D\u00e1vila como director provincial de CREO y Byron Maldonado como asamble\u00edsta electo por CREO.<\/p>\n<p>Para David \u00c1lvarez, representante de Uni\u00f3n Ecuatoriana, manifest\u00f3: &#8220;Estamos conscientes que el pa\u00eds necesita generar un cambio, tanto de visi\u00f3n de pensamientos y de personas. Es justo y necesario un cambio en cuanto a la gesti\u00f3n pol\u00edtica y administrativa y tras un profundo an\u00e1lisis a los planes de Gobierno, hemos determinado que el binomio Lasso-Borrero es la mejor alternativa para la presidencia&#8221;<\/p>\n<p>www.lodelmomentoloja.com<br \/>\n#LDMnoticias #lodelmomentolojaLDM<\/p>\n","protected":false},"excerpt":{"rendered":"<p>#Loja | Alianza entre UE y CREO para presidenciales. Mediante rueda de prensa de hoy,&#8230;<\/p>\n","protected":false},"author":1,"featured_media":3039,"comment_status":"open","ping_status":"open","sticky":false,"template":"","format":"standard","meta":{"footnotes":""},"categories":[1],"tags":[],"class_list":["post-3038","post","type-post","status-publish","format-standard","has-post-thumbnail","hentry","category-inicio"],"_links":{"self":[{"href":"https:\/\/www.lodelmomentoloja.com\/index.php?rest_route=\/wp\/v2\/posts\/3038"}],"collection":[{"href":"https:\/\/www.lodelmomentoloja.com\/index.php?rest_route=\/wp\/v2\/posts"}],"about":[{"href":"https:\/\/www.lodelmomentoloja.com\/index.php?rest_route=\/wp\/v2\/types\/post"}],"author":[{"embeddable":true,"href":"https:\/\/www.lodelmomentoloja.com\/index.php?rest_route=\/wp\/v2\/users\/1"}],"replies":[{"embeddable":true,"href":"https:\/\/www.lodelmomentoloja.com\/index.php?rest_route=%2Fwp%2Fv2%2Fcomments&post=3038"}],"version-history":[{"count":1,"href":"https:\/\/www.lodelmomentoloja.com\/index.php?rest_route=\/wp\/v2\/posts\/3038\/revisions"}],"predecessor-version":[{"id":3040,"href":"https:\/\/www.lodelmomentoloja.com\/index.php?rest_route=\/wp\/v2\/posts\/3038\/revisions\/3040"}],"wp:featuredmedia":[{"embeddable":true,"href":"https:\/\/www.lodelmomentoloja.com\/index.php?rest_route=\/wp\/v2\/media\/3039"}],"wp:attachment":[{"href":"https:\/\/www.lodelmomentoloja.com\/index.php?rest_route=%2Fwp%2Fv2%2Fmedia&parent=3038"}],"wp:term":[{"taxonomy":"category","embeddable":true,"href":"https:\/\/www.lodelmomentoloja.com\/index.php?rest_route=%2Fwp%2Fv2%2Fcategories&post=3038"},{"taxonomy":"post_tag","embeddable":true,"href":"https:\/\/www.lodelmomentoloja.com\/index.php?rest_route=%2Fwp%2Fv2%2Ftags&post=3038"}],"curies":[{"name":"wp","href":"https:\/\/api.w.org\/{rel}","templated":true}]}}