{"id":3018,"date":"2021-03-15T09:30:41","date_gmt":"2021-03-15T09:30:41","guid":{"rendered":"http:\/\/www.lodelmomentoloja.com\/?p=3018"},"modified":"2021-03-15T14:32:27","modified_gmt":"2021-03-15T14:32:27","slug":"canton-loja-declarado-en-emergencia","status":"publish","type":"post","link":"https:\/\/www.lodelmomentoloja.com\/?p=3018","title":{"rendered":"Cant\u00f3n Loja declarado en emergencia"},"content":{"rendered":"<p>#Loja | Alcalde declara en emergencia al cant\u00f3n Loja<\/p>\n<p>Esta medida se tom\u00f3 de acuerdo a los informes emitidos por los entes t\u00e9cnicos del Municipio de Loja en coordinaci\u00f3n con la Secretar\u00eda Nacional de Gesti\u00f3n de Riesgos.<\/p>\n<p>Con la finalidad de prevenir, mitigar y resolver los eventos naturales que ponen en peligro a la poblaci\u00f3n y a la obra p\u00fablica, el alcalde Jorge Bail\u00f3n, el domingo 14 de marzo, emiti\u00f3 la Resoluci\u00f3n Nro. 0033-AL-2021 en la que declara la emergencia en el cant\u00f3n Loja.<\/p>\n<p>Ampar\u00e1ndose en esta declaratoria se dispone a las direcciones municipales, dentro de sus funciones y atribuciones, cumpliendo con las disposiciones t\u00e9cnicas, financieras, administrativas y legales que corresponda, procedan con las contrataciones que fueren del caso para cumplir con la presente resoluci\u00f3n.<\/p>\n<p>www.lodelmomentoloja.com<br \/>\n#LDMnoticias #lodelmomentolojaLDM<\/p>\n","protected":false},"excerpt":{"rendered":"<p>#Loja | Alcalde declara en emergencia al cant\u00f3n Loja Esta medida se tom\u00f3 de acuerdo&#8230;<\/p>\n","protected":false},"author":1,"featured_media":3019,"comment_status":"open","ping_status":"open","sticky":false,"template":"","format":"standard","meta":{"footnotes":""},"categories":[1],"tags":[],"class_list":["post-3018","post","type-post","status-publish","format-standard","has-post-thumbnail","hentry","category-inicio"],"_links":{"self":[{"href":"https:\/\/www.lodelmomentoloja.com\/index.php?rest_route=\/wp\/v2\/posts\/3018"}],"collection":[{"href":"https:\/\/www.lodelmomentoloja.com\/index.php?rest_route=\/wp\/v2\/posts"}],"about":[{"href":"https:\/\/www.lodelmomentoloja.com\/index.php?rest_route=\/wp\/v2\/types\/post"}],"author":[{"embeddable":true,"href":"https:\/\/www.lodelmomentoloja.com\/index.php?rest_route=\/wp\/v2\/users\/1"}],"replies":[{"embeddable":true,"href":"https:\/\/www.lodelmomentoloja.com\/index.php?rest_route=%2Fwp%2Fv2%2Fcomments&post=3018"}],"version-history":[{"count":1,"href":"https:\/\/www.lodelmomentoloja.com\/index.php?rest_route=\/wp\/v2\/posts\/3018\/revisions"}],"predecessor-version":[{"id":3020,"href":"https:\/\/www.lodelmomentoloja.com\/index.php?rest_route=\/wp\/v2\/posts\/3018\/revisions\/3020"}],"wp:featuredmedia":[{"embeddable":true,"href":"https:\/\/www.lodelmomentoloja.com\/index.php?rest_route=\/wp\/v2\/media\/3019"}],"wp:attachment":[{"href":"https:\/\/www.lodelmomentoloja.com\/index.php?rest_route=%2Fwp%2Fv2%2Fmedia&parent=3018"}],"wp:term":[{"taxonomy":"category","embeddable":true,"href":"https:\/\/www.lodelmomentoloja.com\/index.php?rest_route=%2Fwp%2Fv2%2Fcategories&post=3018"},{"taxonomy":"post_tag","embeddable":true,"href":"https:\/\/www.lodelmomentoloja.com\/index.php?rest_route=%2Fwp%2Fv2%2Ftags&post=3018"}],"curies":[{"name":"wp","href":"https:\/\/api.w.org\/{rel}","templated":true}]}}