{"id":3010,"date":"2021-03-15T07:00:39","date_gmt":"2021-03-15T07:00:39","guid":{"rendered":"http:\/\/www.lodelmomentoloja.com\/?p=3010"},"modified":"2021-03-15T12:38:50","modified_gmt":"2021-03-15T12:38:50","slug":"expresidenta-de-bolivia-a-la-carcel","status":"publish","type":"post","link":"https:\/\/www.lodelmomentoloja.com\/?p=3010","title":{"rendered":"EXPRESIDENTA DE BOLIVIA A LA C\u00c1RCEL"},"content":{"rendered":"<div class=\"kvgmc6g5 cxmmr5t8 oygrvhab hcukyx3x c1et5uql ii04i59q\">\n<div dir=\"auto\"><a class=\"oajrlxb2 g5ia77u1 qu0x051f esr5mh6w e9989ue4 r7d6kgcz rq0escxv nhd2j8a9 nc684nl6 p7hjln8o kvgmc6g5 cxmmr5t8 oygrvhab hcukyx3x jb3vyjys rz4wbd8a qt6c0cv9 a8nywdso i1ao9s8h esuyzwwr f1sip0of lzcic4wl q66pz984 gpro0wi8 b1v8xokw\" tabindex=\"0\" role=\"link\" href=\"https:\/\/www.facebook.com\/hashtag\/bolivia?__eep__=6&amp;__cft__[0]=AZVtJDPDAHVKuZnORXW4P_baKI6p0wexTmsXDVZDhZtsTEtVIEqgwHPPOcvxEfoMZ0TQx_Ky6pP_q7yvs5GuhVpARHmt53KjmygLEGGmtW1slfDpDxbku0h_8yGmBdSlqKBGSijbEJpeZaDj7kJLiElTFzTRgILf3QrJKwao6wIoahMtN4LDtndy5vq5Xl2i60g&amp;__tn__=*NK-R\">#Bolivia<\/a> | Expresidenta Jeaninen \u00c1\u00f1ez va a la c\u00e1rcel.<\/div>\n<div dir=\"auto\"><\/div>\n<\/div>\n<div class=\"o9v6fnle cxmmr5t8 oygrvhab hcukyx3x c1et5uql ii04i59q\">\n<div dir=\"auto\">La juez boliviana, Regina Santa Cruz, decret\u00f3 este domingo cuatro meses de prisi\u00f3n preventiva a la expresidenta de facto del pa\u00eds, Jeanine \u00c1\u00f1ez, as\u00ed como sus exministros de facto \u00c1lvaro Co\u00edmbra y Rodrigo Guzm\u00e1n.<\/div>\n<div dir=\"auto\"><\/div>\n<\/div>\n<div class=\"o9v6fnle cxmmr5t8 oygrvhab hcukyx3x c1et5uql ii04i59q\">\n<div dir=\"auto\">Pese que la Fiscal\u00eda de Bolivia hab\u00eda pedido decretaran seis meses mientras la investigaci\u00f3n transcurre, la jueza Santa Cruz consider\u00f3 el tiempo de prisi\u00f3n preventiva como excesivo. A\u00f1ez y sus colaboradores que lideraron el golpe de Estado en 2019 contra el entonces presidente boliviano, Evo Morales, son investigados por terrorismo, sedici\u00f3n y conspiraci\u00f3n.<\/div>\n<div dir=\"auto\"><img loading=\"lazy\" decoding=\"async\" class=\"alignnone wp-image-3012 size-large\" src=\"http:\/\/www.lodelmomentoloja.com\/wp-content\/uploads\/2021\/03\/EwT81MRXAAAFz2A-1024x640.jpg\" alt=\"\" width=\"640\" height=\"400\" srcset=\"https:\/\/www.lodelmomentoloja.com\/wp-content\/uploads\/2021\/03\/EwT81MRXAAAFz2A-1024x640.jpg 1024w, https:\/\/www.lodelmomentoloja.com\/wp-content\/uploads\/2021\/03\/EwT81MRXAAAFz2A-300x188.jpg 300w, https:\/\/www.lodelmomentoloja.com\/wp-content\/uploads\/2021\/03\/EwT81MRXAAAFz2A-768x480.jpg 768w, https:\/\/www.lodelmomentoloja.com\/wp-content\/uploads\/2021\/03\/EwT81MRXAAAFz2A-640x400.jpg 640w, https:\/\/www.lodelmomentoloja.com\/wp-content\/uploads\/2021\/03\/EwT81MRXAAAFz2A.jpg 1200w\" sizes=\"(max-width: 640px) 100vw, 640px\" \/><\/div>\n<div dir=\"auto\"><\/div>\n<\/div>\n<div class=\"o9v6fnle cxmmr5t8 oygrvhab hcukyx3x c1et5uql ii04i59q\">\n<div dir=\"auto\">La medida se toma porque la jurista Santa Cruz considera que existe un alto riesgo de que \u00c1\u00f1ez huya de la Justicia boliviana teniendo en cuenta que en el momento de su captura, \u00e9sta intent\u00f3 huir escondi\u00e9ndose en una caja.<\/div>\n<div dir=\"auto\"><img loading=\"lazy\" decoding=\"async\" class=\"alignnone wp-image-3011 size-large\" src=\"http:\/\/www.lodelmomentoloja.com\/wp-content\/uploads\/2021\/03\/EwZ5SfwXMAIPTM5-780x1024.jpg\" alt=\"\" width=\"640\" height=\"840\" srcset=\"https:\/\/www.lodelmomentoloja.com\/wp-content\/uploads\/2021\/03\/EwZ5SfwXMAIPTM5-780x1024.jpg 780w, https:\/\/www.lodelmomentoloja.com\/wp-content\/uploads\/2021\/03\/EwZ5SfwXMAIPTM5-229x300.jpg 229w, https:\/\/www.lodelmomentoloja.com\/wp-content\/uploads\/2021\/03\/EwZ5SfwXMAIPTM5-768x1008.jpg 768w, https:\/\/www.lodelmomentoloja.com\/wp-content\/uploads\/2021\/03\/EwZ5SfwXMAIPTM5-640x840.jpg 640w, https:\/\/www.lodelmomentoloja.com\/wp-content\/uploads\/2021\/03\/EwZ5SfwXMAIPTM5-1024x1344.jpg 1024w, https:\/\/www.lodelmomentoloja.com\/wp-content\/uploads\/2021\/03\/EwZ5SfwXMAIPTM5.jpg 1080w\" sizes=\"(max-width: 640px) 100vw, 640px\" \/><\/div>\n<\/div>\n","protected":false},"excerpt":{"rendered":"<p>#Bolivia | Expresidenta Jeaninen \u00c1\u00f1ez va a la c\u00e1rcel. La juez boliviana, Regina Santa Cruz,&#8230;<\/p>\n","protected":false},"author":1,"featured_media":3015,"comment_status":"open","ping_status":"open","sticky":false,"template":"","format":"standard","meta":{"footnotes":""},"categories":[1,4],"tags":[],"class_list":["post-3010","post","type-post","status-publish","format-standard","has-post-thumbnail","hentry","category-inicio","category-internacional"],"_links":{"self":[{"href":"https:\/\/www.lodelmomentoloja.com\/index.php?rest_route=\/wp\/v2\/posts\/3010"}],"collection":[{"href":"https:\/\/www.lodelmomentoloja.com\/index.php?rest_route=\/wp\/v2\/posts"}],"about":[{"href":"https:\/\/www.lodelmomentoloja.com\/index.php?rest_route=\/wp\/v2\/types\/post"}],"author":[{"embeddable":true,"href":"https:\/\/www.lodelmomentoloja.com\/index.php?rest_route=\/wp\/v2\/users\/1"}],"replies":[{"embeddable":true,"href":"https:\/\/www.lodelmomentoloja.com\/index.php?rest_route=%2Fwp%2Fv2%2Fcomments&post=3010"}],"version-history":[{"count":3,"href":"https:\/\/www.lodelmomentoloja.com\/index.php?rest_route=\/wp\/v2\/posts\/3010\/revisions"}],"predecessor-version":[{"id":3017,"href":"https:\/\/www.lodelmomentoloja.com\/index.php?rest_route=\/wp\/v2\/posts\/3010\/revisions\/3017"}],"wp:featuredmedia":[{"embeddable":true,"href":"https:\/\/www.lodelmomentoloja.com\/index.php?rest_route=\/wp\/v2\/media\/3015"}],"wp:attachment":[{"href":"https:\/\/www.lodelmomentoloja.com\/index.php?rest_route=%2Fwp%2Fv2%2Fmedia&parent=3010"}],"wp:term":[{"taxonomy":"category","embeddable":true,"href":"https:\/\/www.lodelmomentoloja.com\/index.php?rest_route=%2Fwp%2Fv2%2Fcategories&post=3010"},{"taxonomy":"post_tag","embeddable":true,"href":"https:\/\/www.lodelmomentoloja.com\/index.php?rest_route=%2Fwp%2Fv2%2Ftags&post=3010"}],"curies":[{"name":"wp","href":"https:\/\/api.w.org\/{rel}","templated":true}]}}