{"id":29920,"date":"2026-01-30T13:47:18","date_gmt":"2026-01-30T13:47:18","guid":{"rendered":"https:\/\/www.lodelmomentoloja.com\/?p=29920"},"modified":"2026-01-30T18:49:57","modified_gmt":"2026-01-30T18:49:57","slug":"la-comision-designada-por-alcaldesa-de-loja-definira-el-rumbo-del-alza-del-pasaje","status":"publish","type":"post","link":"https:\/\/www.lodelmomentoloja.com\/?p=29920","title":{"rendered":"La comisi\u00f3n designada por alcaldesa de Loja definir\u00e1 el rumbo del alza del pasaje"},"content":{"rendered":"<p class=\"_aupe copyable-text x15bjb6t x1n2onr6\"><span class=\"x19la9d6 x1fc57z9 x6ikm8r x10wlt62 x19co3pv x11tp94h xfibh0p xiy17q3 x1xsqp64 x1lkfr7t xexx8yu xyri2b x18d9i69 x1c1uobl\"><span class=\"xrtxmta x1bhl96m\"><img loading=\"lazy\" decoding=\"async\" class=\"wp-image-29921 aligncenter\" src=\"http:\/\/www.lodelmomentoloja.com\/wp-content\/uploads\/2026\/01\/NOTA-VIDEO.jpg-300x169.jpeg\" alt=\"\" width=\"840\" height=\"473\" srcset=\"https:\/\/www.lodelmomentoloja.com\/wp-content\/uploads\/2026\/01\/NOTA-VIDEO.jpg-300x169.jpeg 300w, https:\/\/www.lodelmomentoloja.com\/wp-content\/uploads\/2026\/01\/NOTA-VIDEO.jpg-1024x576.jpeg 1024w, https:\/\/www.lodelmomentoloja.com\/wp-content\/uploads\/2026\/01\/NOTA-VIDEO.jpg-768x432.jpeg 768w, https:\/\/www.lodelmomentoloja.com\/wp-content\/uploads\/2026\/01\/NOTA-VIDEO.jpg-640x360.jpeg 640w, https:\/\/www.lodelmomentoloja.com\/wp-content\/uploads\/2026\/01\/NOTA-VIDEO.jpg-1536x864.jpeg 1536w, https:\/\/www.lodelmomentoloja.com\/wp-content\/uploads\/2026\/01\/NOTA-VIDEO.jpg.jpeg 1920w\" sizes=\"(max-width: 840px) 100vw, 840px\" \/><\/p>\n<p>\ud83d\ude41<\/span><\/span><span class=\"x19la9d6 x1fc57z9 x6ikm8r x10wlt62 x19co3pv x11tp94h xfibh0p xiy17q3 x1xsqp64 x1lkfr7t xexx8yu xyri2b x18d9i69 x1c1uobl\"><span class=\"xrtxmta x1bhl96m\">\ud83d\ude8d<\/span><\/span><span class=\"x19la9d6 x1fc57z9 x6ikm8r x10wlt62 x19co3pv x11tp94h xfibh0p xiy17q3 x1xsqp64 x1lkfr7t xexx8yu xyri2b x18d9i69 x1c1uobl\"><span class=\"xrtxmta x1bhl96m\">\ud83d\ude8f<\/span><\/span><span class=\"_aupe copyable-text xkrh14z\"> \u00a1Casi un hecho! En la sesi\u00f3n del segundo debate sobre el alza del pasaje del transporte urbano el Cabildo aprob\u00f3 la moci\u00f3n del concejal Polibio V\u00e9lez para la elaboraci\u00f3n de un informe de mayor\u00eda a fin de que sea la Comisi\u00f3n designada por la alcaldesa de Loja quien dedica si se incrementa o no el pasaje del bus, propuesta que tuvo el respaldo de 7 concejales.<\/span><\/p>\n<div style=\"width: 640px;\" class=\"wp-video\"><!--[if lt IE 9]><script>document.createElement('video');<\/script><![endif]-->\n<video class=\"wp-video-shortcode\" id=\"video-29920-1\" width=\"640\" height=\"360\" preload=\"metadata\" controls=\"controls\"><source type=\"video\/mp4\" src=\"http:\/\/www.lodelmomentoloja.com\/wp-content\/uploads\/2026\/01\/INCREMENTO-DEL-PASAJE-REDUCIDO.mp4?_=1\" \/><a href=\"http:\/\/www.lodelmomentoloja.com\/wp-content\/uploads\/2026\/01\/INCREMENTO-DEL-PASAJE-REDUCIDO.mp4\">http:\/\/www.lodelmomentoloja.com\/wp-content\/uploads\/2026\/01\/INCREMENTO-DEL-PASAJE-REDUCIDO.mp4<\/a><\/video><\/div>\n<p>Tras m\u00e1s de 5 horas de debate los concejales votaron por dos nuevas mociones; una presentada por el edil John Espinoza y otra de la mano del edil Polibio V\u00e9lez. El concejal Espinosa mocion\u00f3 que, para el incremento del pasaje se tome en cuenta el servicio que brinda el transporte urbano.<\/p>\n<p>Por su parte, Polibio V\u00e9lez propuso se elabore un texto de mayor\u00eda y con ello, se pueda asegurar el informe definitivo, mismos que ir\u00e1 a manos de la Comisi\u00f3n designada por la alcaldesa Diana Guayanay que decidir\u00e1 si se aprueba o no el alza del pasaje, pero en este punto, sin contar con la votaci\u00f3n del Cabildo, para lo cual tendr\u00e1 un plazo de 8 d\u00edas aproximadamente.<\/p>\n<p>Moci\u00f3n que fue aprobada con 7 votos a favor de los concejales Iv\u00e1n Lude\u00f1a, Lenin Cuneca, Pablo Carri\u00f3n, Miguel Castillo, Jorge Pati\u00f1o, el proponente Polibio V\u00e9lez y Yuri Yaguana. Mientras que, los ediles Adalber Gaona, Silvia Duque (alterna de Santiago Err\u00e1ez) y John Espinosa votaron a favor de la moci\u00f3n de este \u00faltimo y el vicealcalde Pablo Qui\u00f1ones vot\u00f3 en contra de las dos mociones.<\/p>\n<p>El sector del transporte argumenta que la tarifa no ha sido analizada desde el a\u00f1o 2014 cuando en la administraci\u00f3n del exalcalde Jos\u00e9 Bol\u00edvar Castillo se dispuso las tarifas de $0.30 y $0.15. En febrero de 2024, la reforma que buscaba el incremento fue archivada con nueve votos en contra, dos a favor y una abstenci\u00f3n.<\/p>\n<p>De momento, la ciudadan\u00eda ha mostrado su preocupaci\u00f3n por el impacto econ\u00f3mico que tendr\u00eda el alza del pasaje, sobre todo, para los sectores m\u00e1s vulnerables, sin embargo, muchos se cuestionan \u00bfA qu\u00e9 lado se inclinar\u00e1 la balanza en esta ocasi\u00f3n?<\/p>\n<p class=\"_aupe copyable-text x15bjb6t x1n2onr6\"><span class=\"x19la9d6 x1fc57z9 x6ikm8r x10wlt62 x19co3pv x11tp94h xfibh0p xiy17q3 x1xsqp64 x1lkfr7t xexx8yu xyri2b x18d9i69 x1c1uobl\"><span class=\"xrtxmta x1bhl96m\">\ud83c\udf10<\/span><\/span><span class=\"x19la9d6 x1fc57z9 x6ikm8r x10wlt62 x19co3pv x11tp94h xfibh0p xiy17q3 x1xsqp64 x1lkfr7t xexx8yu xyri2b x18d9i69 x1c1uobl\"><span class=\"xrtxmta x1bhl96m\">\u2705<\/span><\/span><span class=\"_aupe copyable-text xkrh14z\"> S\u00edguenos en nuestra p\u00e1gina verificada: <\/span><span class=\"_aupe copyable-text xkrh14z\">https:\/\/www.facebook.com\/lodelmomentolojaEC<\/span><\/p>\n<p class=\"_aupe copyable-text x15bjb6t x1n2onr6\"><span class=\"_aupe copyable-text xkrh14z\">www.lodelmomentoloja.com<\/span><\/p>\n<p class=\"_aupe copyable-text x15bjb6t x1n2onr6\"><span class=\"_aupe copyable-text xkrh14z\">#LDMnoticias #lodelmomentolojaLDM<\/span><\/p>\n","protected":false},"excerpt":{"rendered":"<p>\ud83d\ude41\ud83d\ude8d\ud83d\ude8f \u00a1Casi un hecho! En la sesi\u00f3n del segundo debate sobre el alza del pasaje&#8230;<\/p>\n","protected":false},"author":1,"featured_media":0,"comment_status":"open","ping_status":"open","sticky":false,"template":"","format":"standard","meta":{"footnotes":""},"categories":[7,1,5],"tags":[],"class_list":["post-29920","post","type-post","status-publish","format-standard","hentry","category-ecuador","category-inicio","category-loja"],"_links":{"self":[{"href":"https:\/\/www.lodelmomentoloja.com\/index.php?rest_route=\/wp\/v2\/posts\/29920"}],"collection":[{"href":"https:\/\/www.lodelmomentoloja.com\/index.php?rest_route=\/wp\/v2\/posts"}],"about":[{"href":"https:\/\/www.lodelmomentoloja.com\/index.php?rest_route=\/wp\/v2\/types\/post"}],"author":[{"embeddable":true,"href":"https:\/\/www.lodelmomentoloja.com\/index.php?rest_route=\/wp\/v2\/users\/1"}],"replies":[{"embeddable":true,"href":"https:\/\/www.lodelmomentoloja.com\/index.php?rest_route=%2Fwp%2Fv2%2Fcomments&post=29920"}],"version-history":[{"count":1,"href":"https:\/\/www.lodelmomentoloja.com\/index.php?rest_route=\/wp\/v2\/posts\/29920\/revisions"}],"predecessor-version":[{"id":29923,"href":"https:\/\/www.lodelmomentoloja.com\/index.php?rest_route=\/wp\/v2\/posts\/29920\/revisions\/29923"}],"wp:attachment":[{"href":"https:\/\/www.lodelmomentoloja.com\/index.php?rest_route=%2Fwp%2Fv2%2Fmedia&parent=29920"}],"wp:term":[{"taxonomy":"category","embeddable":true,"href":"https:\/\/www.lodelmomentoloja.com\/index.php?rest_route=%2Fwp%2Fv2%2Fcategories&post=29920"},{"taxonomy":"post_tag","embeddable":true,"href":"https:\/\/www.lodelmomentoloja.com\/index.php?rest_route=%2Fwp%2Fv2%2Ftags&post=29920"}],"curies":[{"name":"wp","href":"https:\/\/api.w.org\/{rel}","templated":true}]}}