{"id":29916,"date":"2026-01-30T11:38:07","date_gmt":"2026-01-30T11:38:07","guid":{"rendered":"https:\/\/www.lodelmomentoloja.com\/?p=29916"},"modified":"2026-01-30T16:39:07","modified_gmt":"2026-01-30T16:39:07","slug":"en-febrero-la-parroquia-el-cisne-se-celebrara-la-fiesta-de-la-candelaria","status":"publish","type":"post","link":"https:\/\/www.lodelmomentoloja.com\/?p=29916","title":{"rendered":"En febrero, la parroquia El Cisne, se celebrar\u00e1 la Fiesta de la Candelaria,"},"content":{"rendered":"<p>\ud83d\udd4a\ufe0f\ud83d\ude4f\ud83c\udffb\ud83d\udd6f\ufe0f\u00a1Una gran celebraci\u00f3n! El 2 de febrero de 2026, en el Santuario Nacional del Cisne, se celebrar\u00e1 la Fiesta de la Candelaria, tambi\u00e9n llamada \u201cFiesta de la Luz\u201d, que conmemora la presentaci\u00f3n de Jes\u00fas en el Templo y la purificaci\u00f3n de la Virgen Mar\u00eda, marcando el cierre del ciclo navide\u00f1o.<\/p>\n<p>La programaci\u00f3n inicia a las 19h00 con la eucarist\u00eda, seguida de la bendici\u00f3n de candelas y semillas. A las 20h00 se realizar\u00e1 la procesi\u00f3n con la Sagrada Imagen de la Virgen de El Cisne por las principales calles de la parroquia. Por lo cual, se invita a fieles, grupos apost\u00f3licos y al p\u00fablico en general a participar con fe y devoci\u00f3n en esta tradicional celebraci\u00f3n mariana.<\/p>\n<p>\ud83c\udf10\u2705 S\u00edguenos en nuestra p\u00e1gina verificada:<br \/>\nfacebook.com\/lodelmomentolojaEC<\/p>\n<p>\ud83c\udf10 Sitio web: www.lodelmomentoloja.com<br \/>\n#LDMnoticias #lodelmomentolojaLDM<\/p>\n","protected":false},"excerpt":{"rendered":"<p>\ud83d\udd4a\ufe0f\ud83d\ude4f\ud83c\udffb\ud83d\udd6f\ufe0f\u00a1Una gran celebraci\u00f3n! El 2 de febrero de 2026, en el Santuario Nacional del Cisne,&#8230;<\/p>\n","protected":false},"author":1,"featured_media":29917,"comment_status":"open","ping_status":"open","sticky":false,"template":"","format":"standard","meta":{"footnotes":""},"categories":[7,1,5],"tags":[],"class_list":["post-29916","post","type-post","status-publish","format-standard","has-post-thumbnail","hentry","category-ecuador","category-inicio","category-loja"],"_links":{"self":[{"href":"https:\/\/www.lodelmomentoloja.com\/index.php?rest_route=\/wp\/v2\/posts\/29916"}],"collection":[{"href":"https:\/\/www.lodelmomentoloja.com\/index.php?rest_route=\/wp\/v2\/posts"}],"about":[{"href":"https:\/\/www.lodelmomentoloja.com\/index.php?rest_route=\/wp\/v2\/types\/post"}],"author":[{"embeddable":true,"href":"https:\/\/www.lodelmomentoloja.com\/index.php?rest_route=\/wp\/v2\/users\/1"}],"replies":[{"embeddable":true,"href":"https:\/\/www.lodelmomentoloja.com\/index.php?rest_route=%2Fwp%2Fv2%2Fcomments&post=29916"}],"version-history":[{"count":1,"href":"https:\/\/www.lodelmomentoloja.com\/index.php?rest_route=\/wp\/v2\/posts\/29916\/revisions"}],"predecessor-version":[{"id":29918,"href":"https:\/\/www.lodelmomentoloja.com\/index.php?rest_route=\/wp\/v2\/posts\/29916\/revisions\/29918"}],"wp:featuredmedia":[{"embeddable":true,"href":"https:\/\/www.lodelmomentoloja.com\/index.php?rest_route=\/wp\/v2\/media\/29917"}],"wp:attachment":[{"href":"https:\/\/www.lodelmomentoloja.com\/index.php?rest_route=%2Fwp%2Fv2%2Fmedia&parent=29916"}],"wp:term":[{"taxonomy":"category","embeddable":true,"href":"https:\/\/www.lodelmomentoloja.com\/index.php?rest_route=%2Fwp%2Fv2%2Fcategories&post=29916"},{"taxonomy":"post_tag","embeddable":true,"href":"https:\/\/www.lodelmomentoloja.com\/index.php?rest_route=%2Fwp%2Fv2%2Ftags&post=29916"}],"curies":[{"name":"wp","href":"https:\/\/api.w.org\/{rel}","templated":true}]}}