{"id":2991,"date":"2021-03-12T10:00:07","date_gmt":"2021-03-12T10:00:07","guid":{"rendered":"http:\/\/www.lodelmomentoloja.com\/?p=2991"},"modified":"2021-03-12T14:59:16","modified_gmt":"2021-03-12T14:59:16","slug":"fase-1-de-vacunacion-en-ecuador","status":"publish","type":"post","link":"https:\/\/www.lodelmomentoloja.com\/?p=2991","title":{"rendered":"Fase 1 de vacunaci\u00f3n en Ecuador"},"content":{"rendered":"<p>#Ecuador | Fase I de vacunaci\u00f3n inici\u00f3 este mes<\/p>\n<p>El Ministro de Salud, Rodolfo Farf\u00e1n, mediante cadena nacional anunci\u00f3 que la Fase I del Plan Nacional de Vacunaci\u00f3n inici\u00f3 el 1 de marzo de 2021 en el Archipi\u00e9lago de Gal\u00e1pagos. Durante este mes el gobierno tiene previsto vacunar a 2 millones de ecuatorianos.<br \/>\nHasta el 30 de marzo del presente, se pretende vacunar al 100% del personal sanitario de la red de salud p\u00fablica y privada. El grupo prioritario que debe vacunarse durante esta fase son:<br \/>\n\u2705 Personal sanitario que no fue vacunado en la Fase 0.<br \/>\n\u2705 Personas de la tercera edad<br \/>\n\u2705 Fuerza P\u00fablica<br \/>\n\u2705 Profesores de todos los niveles de educaci\u00f3n.<br \/>\n\u2705 Bomberos<br \/>\n\u2705 Recolectores de Basura<br \/>\n\u2705 Sectores estrat\u00e9gicos de atenci\u00f3n: socorristas, agentes de control municipal, Ecu911, centros crematorios, etc.<\/p>\n<p>A partir de este lunes 15 de marzo de 2021, las personas de la tercera edad deben inscribirse en la p\u00e1gina web: www.planvacunarse.ec a trav\u00e9s de este registro se habilitar\u00e1 de acuerdo al rango de edad, el grupo prioritario ser\u00e1n los adultos mayores de 65 a\u00f1os en adelante. Pero las personas menores a 65 a\u00f1os no necesitan registrarse en este siti\u00f3 web, los cuales ser\u00e1n vacunados de acuerdo a la base de datos de cada sector.<\/p>\n<p>El Ministro de Salud, asegur\u00f3 que \u201cel plan vacunarse es un desaf\u00edo de todos\u201d hasta el 20 de mayo el gobierno aspira haber vacunado al personal de primera l\u00ednea, sectores estrat\u00e9gicos, adultos mayores al 100%.<\/p>\n<p>www.lodelmomentoloja.com<br \/>\n#LDMnoticias #lodelmomentolojaLDM<\/p>\n","protected":false},"excerpt":{"rendered":"<p>#Ecuador | Fase I de vacunaci\u00f3n inici\u00f3 este mes El Ministro de Salud, Rodolfo Farf\u00e1n,&#8230;<\/p>\n","protected":false},"author":1,"featured_media":2992,"comment_status":"open","ping_status":"open","sticky":false,"template":"","format":"standard","meta":{"footnotes":""},"categories":[1],"tags":[],"class_list":["post-2991","post","type-post","status-publish","format-standard","has-post-thumbnail","hentry","category-inicio"],"_links":{"self":[{"href":"https:\/\/www.lodelmomentoloja.com\/index.php?rest_route=\/wp\/v2\/posts\/2991"}],"collection":[{"href":"https:\/\/www.lodelmomentoloja.com\/index.php?rest_route=\/wp\/v2\/posts"}],"about":[{"href":"https:\/\/www.lodelmomentoloja.com\/index.php?rest_route=\/wp\/v2\/types\/post"}],"author":[{"embeddable":true,"href":"https:\/\/www.lodelmomentoloja.com\/index.php?rest_route=\/wp\/v2\/users\/1"}],"replies":[{"embeddable":true,"href":"https:\/\/www.lodelmomentoloja.com\/index.php?rest_route=%2Fwp%2Fv2%2Fcomments&post=2991"}],"version-history":[{"count":1,"href":"https:\/\/www.lodelmomentoloja.com\/index.php?rest_route=\/wp\/v2\/posts\/2991\/revisions"}],"predecessor-version":[{"id":2993,"href":"https:\/\/www.lodelmomentoloja.com\/index.php?rest_route=\/wp\/v2\/posts\/2991\/revisions\/2993"}],"wp:featuredmedia":[{"embeddable":true,"href":"https:\/\/www.lodelmomentoloja.com\/index.php?rest_route=\/wp\/v2\/media\/2992"}],"wp:attachment":[{"href":"https:\/\/www.lodelmomentoloja.com\/index.php?rest_route=%2Fwp%2Fv2%2Fmedia&parent=2991"}],"wp:term":[{"taxonomy":"category","embeddable":true,"href":"https:\/\/www.lodelmomentoloja.com\/index.php?rest_route=%2Fwp%2Fv2%2Fcategories&post=2991"},{"taxonomy":"post_tag","embeddable":true,"href":"https:\/\/www.lodelmomentoloja.com\/index.php?rest_route=%2Fwp%2Fv2%2Ftags&post=2991"}],"curies":[{"name":"wp","href":"https:\/\/api.w.org\/{rel}","templated":true}]}}