{"id":29901,"date":"2026-01-29T16:48:31","date_gmt":"2026-01-29T16:48:31","guid":{"rendered":"https:\/\/www.lodelmomentoloja.com\/?p=29901"},"modified":"2026-01-29T16:48:31","modified_gmt":"2026-01-29T16:48:31","slug":"32-menores-ecuatorianos-permanecen-bajo-custodia-en-ee-uu-tras-redadas-antinmigrantes","status":"publish","type":"post","link":"https:\/\/www.lodelmomentoloja.com\/?p=29901","title":{"rendered":"32 menores ecuatorianos permanecen bajo custodia en EE.UU. tras redadas antinmigrantes"},"content":{"rendered":"<p class=\"_aupe copyable-text x15bjb6t x1n2onr6\"><span class=\"x19la9d6 x1fc57z9 x6ikm8r x10wlt62 x19co3pv x11tp94h xfibh0p xiy17q3 x1xsqp64 x1lkfr7t xexx8yu xyri2b x18d9i69 x1c1uobl\"><span class=\"xrtxmta x1bhl96m\"><img loading=\"lazy\" decoding=\"async\" class=\"wp-image-29902 aligncenter\" src=\"http:\/\/www.lodelmomentoloja.com\/wp-content\/uploads\/2026\/01\/NOTICIA-VIDEO-LDM-20-300x169.jpg\" alt=\"\" width=\"909\" height=\"512\" srcset=\"https:\/\/www.lodelmomentoloja.com\/wp-content\/uploads\/2026\/01\/NOTICIA-VIDEO-LDM-20-300x169.jpg 300w, https:\/\/www.lodelmomentoloja.com\/wp-content\/uploads\/2026\/01\/NOTICIA-VIDEO-LDM-20-1024x576.jpg 1024w, https:\/\/www.lodelmomentoloja.com\/wp-content\/uploads\/2026\/01\/NOTICIA-VIDEO-LDM-20-768x432.jpg 768w, https:\/\/www.lodelmomentoloja.com\/wp-content\/uploads\/2026\/01\/NOTICIA-VIDEO-LDM-20-640x360.jpg 640w, https:\/\/www.lodelmomentoloja.com\/wp-content\/uploads\/2026\/01\/NOTICIA-VIDEO-LDM-20-1536x864.jpg 1536w, https:\/\/www.lodelmomentoloja.com\/wp-content\/uploads\/2026\/01\/NOTICIA-VIDEO-LDM-20.jpg 1920w\" sizes=\"(max-width: 909px) 100vw, 909px\" \/><\/p>\n<p>\ud83d\ude2d<\/span><\/span><span class=\"x19la9d6 x1fc57z9 x6ikm8r x10wlt62 x19co3pv x11tp94h xfibh0p xiy17q3 x1xsqp64 x1lkfr7t xexx8yu xyri2b x18d9i69 x1c1uobl\"><span class=\"xrtxmta x1bhl96m\">\ud83c\uddfa\ud83c\uddf8<\/span><\/span><span class=\"x19la9d6 x1fc57z9 x6ikm8r x10wlt62 x19co3pv x11tp94h xfibh0p xiy17q3 x1xsqp64 x1lkfr7t xexx8yu xyri2b x18d9i69 x1c1uobl\"><span class=\"xrtxmta x1bhl96m\">\u2696\ufe0f<\/span><\/span><span class=\"_aupe copyable-text xkrh14z\"> \u00a1En territorio desconocido! Un total de 32 menores ecuatorianos no acompa\u00f1ados se encuentran bajo custodia en Estados Unidos y en proceso de reunificaci\u00f3n familiar o retoro al Ecuador, as\u00ed lo confirm\u00f3 la Canciller\u00eda con corte a enero de 2026 en base a los datos de la Oficina de Reasentamiento de Refugiados (ORR).<br \/>\n<\/span><\/p>\n<div style=\"width: 640px;\" class=\"wp-video\"><!--[if lt IE 9]><script>document.createElement('video');<\/script><![endif]-->\n<video class=\"wp-video-shortcode\" id=\"video-29901-1\" width=\"640\" height=\"360\" preload=\"metadata\" controls=\"controls\"><source type=\"video\/mp4\" src=\"http:\/\/www.lodelmomentoloja.com\/wp-content\/uploads\/2026\/01\/MENORES-ECUATORIANOS-BAJO-CUSTODIA-REDUCIDO.mp4?_=1\" \/><a href=\"http:\/\/www.lodelmomentoloja.com\/wp-content\/uploads\/2026\/01\/MENORES-ECUATORIANOS-BAJO-CUSTODIA-REDUCIDO.mp4\">http:\/\/www.lodelmomentoloja.com\/wp-content\/uploads\/2026\/01\/MENORES-ECUATORIANOS-BAJO-CUSTODIA-REDUCIDO.mp4<\/a><\/video><\/div>\n<p class=\"_aupe copyable-text x15bjb6t x1n2onr6\"><span class=\"_aupe copyable-text xkrh14z\">\u00a0<\/span><\/p>\n<p>El Ministerio de Relaciones Exteriores explic\u00f3 que estos menores est\u00e1n siendo asistidos a ra\u00edz de m\u00faltiples operativos, entre ellos la Operaci\u00f3n \u2018Metro Surge\u2019 en el \u00e1rea de Minneapolis, Minnesota, campa\u00f1a con la que la Oficina de Aduanas y Protecci\u00f3n Fronteriza (CBP) y el ICE hay realizado m\u00e1s de 3.000 arrestos, reteniendo a infantes de entre 2 y 5 a\u00f1os junto a sus padres.<\/p>\n<p>Estado en el que d\u00edas atr\u00e1s se viraliz\u00f3 el caso de Liam C., un ecuatoriano de tan solo 5 a\u00f1os de edad quien fue retenido por el ICE luego de salir del preescolar, un caso que estremeci\u00f3 mundo entero,<\/p>\n<p>La Canciller\u00eda confirm\u00f3 que existen 32 menores de edad bajo la custodia de la Oficina de Reasentamiento de Refugiados (ORR). Estos ni\u00f1os y adolescentes se encuentran actualmente en pleno proceso de reunificaci\u00f3n familiar o, en ciertos casos, preparando su retorno asistido al pa\u00eds.<\/p>\n<p>A trav\u00e9s de un comunicado emitido el 28 de enero, el Ministerio inform\u00f3 que las 12 oficinas consulares de Ecuador en Estados Unidos mantienen un seguimiento permanente de estos casos para verificar que las condiciones de vida sean dignas mientras se resuelve su situaci\u00f3n legal.<\/p>\n<p>Seg\u00fan la ORR, la reunificaci\u00f3n consta de tres fases: detenci\u00f3n por la Patrulla Fronteriza, transferencia del Departamento de Seguridad Nacional al Departamento de Salud y Servicios Humanos (HHS) y, por \u00faltimo, la ubicaci\u00f3n con un patrocinador a cargo de la Oficina de Refugiados (ORR), en la mayor\u00eda de casos familiares directos. Aunque la Canciller\u00eda precis\u00f3 que no existen denuncias de menores ecuatorianos d3s4p4r3c1d0s o con paradero desconocido, la preocupaci\u00f3n persiste.<\/p>\n<p>Mientras tanto, 32 menores se mantienen a la espera de que las autoridades resuelvan su situaci\u00f3n legal para volver junto a sus seres queridos.<\/p>\n<p class=\"_aupe copyable-text x15bjb6t x1n2onr6\"><span class=\"x19la9d6 x1fc57z9 x6ikm8r x10wlt62 x19co3pv x11tp94h xfibh0p xiy17q3 x1xsqp64 x1lkfr7t xexx8yu xyri2b x18d9i69 x1c1uobl\"><span class=\"xrtxmta x1bhl96m\">\ud83c\udf10<\/span><\/span><span class=\"x19la9d6 x1fc57z9 x6ikm8r x10wlt62 x19co3pv x11tp94h xfibh0p xiy17q3 x1xsqp64 x1lkfr7t xexx8yu xyri2b x18d9i69 x1c1uobl\"><span class=\"xrtxmta x1bhl96m\">\u2705<\/span><\/span><span class=\"_aupe copyable-text xkrh14z\"> S\u00edguenos en nuestra p\u00e1gina verificada: <\/span><span class=\"_aupe copyable-text xkrh14z\">https:\/\/www.facebook.com\/lodelmomentolojaEC<\/span><\/p>\n<p class=\"_aupe copyable-text x15bjb6t x1n2onr6\"><span class=\"_aupe copyable-text xkrh14z\">www.lodelmomentoloja.com<\/span><\/p>\n<p class=\"_aupe copyable-text x15bjb6t x1n2onr6\"><span class=\"_aupe copyable-text xkrh14z\">#LDMnoticias #lodelmomentolojaLDM<\/span><\/p>\n","protected":false},"excerpt":{"rendered":"<p>\ud83d\ude2d\ud83c\uddfa\ud83c\uddf8\u2696\ufe0f \u00a1En territorio desconocido! Un total de 32 menores ecuatorianos no acompa\u00f1ados se encuentran bajo&#8230;<\/p>\n","protected":false},"author":1,"featured_media":0,"comment_status":"open","ping_status":"open","sticky":false,"template":"","format":"standard","meta":{"footnotes":""},"categories":[7,1,4,5],"tags":[],"class_list":["post-29901","post","type-post","status-publish","format-standard","hentry","category-ecuador","category-inicio","category-internacional","category-loja"],"_links":{"self":[{"href":"https:\/\/www.lodelmomentoloja.com\/index.php?rest_route=\/wp\/v2\/posts\/29901"}],"collection":[{"href":"https:\/\/www.lodelmomentoloja.com\/index.php?rest_route=\/wp\/v2\/posts"}],"about":[{"href":"https:\/\/www.lodelmomentoloja.com\/index.php?rest_route=\/wp\/v2\/types\/post"}],"author":[{"embeddable":true,"href":"https:\/\/www.lodelmomentoloja.com\/index.php?rest_route=\/wp\/v2\/users\/1"}],"replies":[{"embeddable":true,"href":"https:\/\/www.lodelmomentoloja.com\/index.php?rest_route=%2Fwp%2Fv2%2Fcomments&post=29901"}],"version-history":[{"count":1,"href":"https:\/\/www.lodelmomentoloja.com\/index.php?rest_route=\/wp\/v2\/posts\/29901\/revisions"}],"predecessor-version":[{"id":29904,"href":"https:\/\/www.lodelmomentoloja.com\/index.php?rest_route=\/wp\/v2\/posts\/29901\/revisions\/29904"}],"wp:attachment":[{"href":"https:\/\/www.lodelmomentoloja.com\/index.php?rest_route=%2Fwp%2Fv2%2Fmedia&parent=29901"}],"wp:term":[{"taxonomy":"category","embeddable":true,"href":"https:\/\/www.lodelmomentoloja.com\/index.php?rest_route=%2Fwp%2Fv2%2Fcategories&post=29901"},{"taxonomy":"post_tag","embeddable":true,"href":"https:\/\/www.lodelmomentoloja.com\/index.php?rest_route=%2Fwp%2Fv2%2Ftags&post=29901"}],"curies":[{"name":"wp","href":"https:\/\/api.w.org\/{rel}","templated":true}]}}